{"id":4380,"date":"2024-05-29T11:38:58","date_gmt":"2024-05-29T11:38:58","guid":{"rendered":"https:\/\/provinciadigital.com.ar\/?p=4380"},"modified":"2024-05-29T11:38:59","modified_gmt":"2024-05-29T11:38:59","slug":"el-bloque-pro-concreto-su-fractura-en-la-legislatura-bonaerense-y-se-profundiza-la-interna-en-el-partido-amarillo","status":"publish","type":"post","link":"https:\/\/provinciadigital.com.ar\/?p=4380","title":{"rendered":"El bloque PRO concret\u00f3 su fractura en la Legislatura bonaerense y se profundiza la interna en el partido amarillo"},"content":{"rendered":"\n<p>El bloque PRO en la Legislatura bonaerense concret\u00f3 hoy su fractura y se profundiza la interna en el partido amarillo entre el ex presidente Mauricio Macri y la ministra de Seguridad, Patricia Bullrich.<\/p>\n\n\n\n<p>De esta manera, el espacio pol\u00edtico fundado por Macri qued\u00f3 dividido tanto en Diputados como en Senadores. La sangr\u00eda fue mayor en la C\u00e1mara baja, donde dejaron el espacio cinco diputados, contra una sola que lo har\u00e1 en la C\u00e1mara alta.<\/p>\n\n\n\n<p>&#8220;Seguimos siendo del PRO y por eso nuestra obligaci\u00f3n es acompa\u00f1ar el cambio. La libertad no se negocia, se defiende. El cambio es ahora y sin especulaciones&#8221;, manifest\u00f3 en un comunicado el nuevo espacio legislativo que responde a la ministra de Seguridad.<\/p>\n\n\n\n<p>El grupo de parlamentarios bullrichistas que se escindieron qued\u00f3 conformado por los diputados provinciales Florencia Retamoso, Sof\u00eda Pomponio, Abigail G\u00f3mez, Oriana Colugnatti, Fernando Compagnoni y la senadora provincial Daniela Reich.<\/p>\n\n\n\n<p>&#8220;En este momento hist\u00f3rico, ratificamos nuestro apoyo total al cambio profundo y al esfuerzo por llevarlo adelante que est\u00e1 haciendo el Gobierno nacional&#8221;, expresaron en el parte de prensa donde anunciaron la ruptura.<\/p>\n\n\n\n<p>A su vez, los legisladores afirmaron de forma categ\u00f3rica que existen &#8220;s\u00f3lo dos opciones reales&#8221;, que tienen que ver con acompa\u00f1ar el &#8220;cambio profundo&#8221; o asumir &#8220;posiciones especulativas que favorecen al populismo empobrecedor&#8221;.<\/p>\n\n\n\n<p>&#8220;Se est\u00e1 o no se est\u00e1. No hay posiciones intermedias. Con el cambio no se negocia, al cambio se lo apoya y se lo construye con hechos y acciones, se lo acompa\u00f1a sin condicionamientos&#8221;, se\u00f1alaron.<\/p>\n\n\n\n<p>Entre los objetivos que se propone el flamante bloque bullrichista en la Legislatura bonaerense est\u00e1n &#8220;bancar el cambio a fondo&#8221; y ejercer un &#8220;control cr\u00edtico&#8221; de las acciones del gobernador Axel Kicillof. Tambi\u00e9n buscar\u00e1n &#8220;interactuar positivamente&#8221; con los bloques que comparten sus ideas de &#8220;cambio y libertad&#8221;.<\/p>\n\n\n\n<p>La fragmentaci\u00f3n del PRO de la provincia de Buenos Aires se dio luego de la asunci\u00f3n oficial de Macri al frente del partido amarillo y su intento por mantener el equilibrio interno del espacio. El ex mandatario nacional no quiere una fusi\u00f3n total con el oficialismo, ya que considera que el PRO no tiene la misma identidad partidaria que los libertarios.<\/p>\n","protected":false},"excerpt":{"rendered":"<p>El bloque PRO en la Legislatura bonaerense concret\u00f3 hoy su fractura y se profundiza la interna en el partido amarillo entre el ex presidente Mauricio Macri y la ministra de Seguridad, Patricia Bullrich. De esta manera, el espacio pol\u00edtico fundado por Macri qued\u00f3 dividido tanto en Diputados como en Senadores. La sangr\u00eda fue mayor en [&hellip;]<\/p>\n","protected":false},"author":1,"featured_media":4381,"comment_status":"open","ping_status":"open","sticky":false,"template":"","format":"standard","meta":{"footnotes":""},"categories":[20],"tags":[],"class_list":{"0":"post-4380","1":"post","2":"type-post","3":"status-publish","4":"format-standard","5":"has-post-thumbnail","7":"category-provincia"},"_links":{"self":[{"href":"https:\/\/provinciadigital.com.ar\/index.php?rest_route=\/wp\/v2\/posts\/4380","targetHints":{"allow":["GET"]}}],"collection":[{"href":"https:\/\/provinciadigital.com.ar\/index.php?rest_route=\/wp\/v2\/posts"}],"about":[{"href":"https:\/\/provinciadigital.com.ar\/index.php?rest_route=\/wp\/v2\/types\/post"}],"author":[{"embeddable":true,"href":"https:\/\/provinciadigital.com.ar\/index.php?rest_route=\/wp\/v2\/users\/1"}],"replies":[{"embeddable":true,"href":"https:\/\/provinciadigital.com.ar\/index.php?rest_route=%2Fwp%2Fv2%2Fcomments&post=4380"}],"version-history":[{"count":1,"href":"https:\/\/provinciadigital.com.ar\/index.php?rest_route=\/wp\/v2\/posts\/4380\/revisions"}],"predecessor-version":[{"id":4382,"href":"https:\/\/provinciadigital.com.ar\/index.php?rest_route=\/wp\/v2\/posts\/4380\/revisions\/4382"}],"wp:featuredmedia":[{"embeddable":true,"href":"https:\/\/provinciadigital.com.ar\/index.php?rest_route=\/wp\/v2\/media\/4381"}],"wp:attachment":[{"href":"https:\/\/provinciadigital.com.ar\/index.php?rest_route=%2Fwp%2Fv2%2Fmedia&parent=4380"}],"wp:term":[{"taxonomy":"category","embeddable":true,"href":"https:\/\/provinciadigital.com.ar\/index.php?rest_route=%2Fwp%2Fv2%2Fcategories&post=4380"},{"taxonomy":"post_tag","embeddable":true,"href":"https:\/\/provinciadigital.com.ar\/index.php?rest_route=%2Fwp%2Fv2%2Ftags&post=4380"}],"curies":[{"name":"wp","href":"https:\/\/api.w.org\/{rel}","templated":true}]}}