{"id":4395,"date":"2024-06-03T11:41:50","date_gmt":"2024-06-03T11:41:50","guid":{"rendered":"https:\/\/provinciadigital.com.ar\/?p=4395"},"modified":"2024-06-03T11:41:51","modified_gmt":"2024-06-03T11:41:51","slug":"javier-milei-no-voy-a-entregar-a-sandra-pettovello-de-ninguna-manera","status":"publish","type":"post","link":"https:\/\/provinciadigital.com.ar\/?p=4395","title":{"rendered":"Javier Milei: &#8220;No voy a entregar a Sandra Pettovello de ninguna manera&#8221;"},"content":{"rendered":"\n<p>&#8220;No solo (Sandra) Pettovello es una gran Ministra sino que es una abanderada contra la corrupci\u00f3n&#8221;, asegur\u00f3 esta tarde el presidente Javier Milei en declaraciones radiales.<\/p>\n\n\n\n<p>&#8220;El mejor indicio de que es una gran ministra es que todos los corruptos est\u00e1n aterrados y est\u00e1n tir\u00e1ndola afuera todo el tiempo porque est\u00e1n desesperados&#8221;, agreg\u00f3.<\/p>\n\n\n\n<p>Y fue contundente con su respaldo a la cuestionada Ministra de Capital Humano. &#8220;No voy a entregar la lucha contra la corrupci\u00f3n porque es mi bandera. Yo no voy a entregar a Pettovello de ninguna manera&#8221;, remarc\u00f3.<\/p>\n\n\n\n<p>&#8220;No descarto que me quieran tirar un muerto&#8221;<\/p>\n\n\n\n<p>En otro tramo de la entrevista que le concedi\u00f3 a Radio Mitre, el Presidente fue categ\u00f3rico contra los movimientos sociales, quienes son acusados por el Gobierno de intermediar en la entrega de alimentos y asistencia social en el pasado. &#8220;En una situaci\u00f3n donde mientras toda la sociedad pone el hombro para dar ayuda al ca\u00eddo esta gente se armaba kioscos para robar la plata que ten\u00eda que ir para los ca\u00eddos&#8221;, coment\u00f3. &#8220;Esto no es una situaci\u00f3n de \u00edndole menor&#8221;, sostuvo.<\/p>\n\n\n\n<p>&#8220;Los intermediarios son unos tr\u00e1nsfugas y delincuentes&#8221;, dijo el presidente sin pelos en la lengua. Y fue m\u00e1s all\u00e1: &#8220;cuando uno quiere romper a los intermediarios lo van a acusar uno de ir en contra y querer matar pobres&#8221;, arguy\u00f3.<\/p>\n\n\n\n<p>&#8220;No descarto que este conjunto de delincuentes Kirchneristas quieran tirar un muerto, porque los kirchneristas son as\u00ed&#8221;, remat\u00f3.<\/p>\n","protected":false},"excerpt":{"rendered":"<p>&#8220;No solo (Sandra) Pettovello es una gran Ministra sino que es una abanderada contra la corrupci\u00f3n&#8221;, asegur\u00f3 esta tarde el presidente Javier Milei en declaraciones radiales. &#8220;El mejor indicio de que es una gran ministra es que todos los corruptos est\u00e1n aterrados y est\u00e1n tir\u00e1ndola afuera todo el tiempo porque est\u00e1n desesperados&#8221;, agreg\u00f3. Y fue [&hellip;]<\/p>\n","protected":false},"author":1,"featured_media":4396,"comment_status":"open","ping_status":"open","sticky":false,"template":"","format":"standard","meta":{"footnotes":""},"categories":[129],"tags":[],"class_list":{"0":"post-4395","1":"post","2":"type-post","3":"status-publish","4":"format-standard","5":"has-post-thumbnail","7":"category-nacionales"},"_links":{"self":[{"href":"https:\/\/provinciadigital.com.ar\/index.php?rest_route=\/wp\/v2\/posts\/4395","targetHints":{"allow":["GET"]}}],"collection":[{"href":"https:\/\/provinciadigital.com.ar\/index.php?rest_route=\/wp\/v2\/posts"}],"about":[{"href":"https:\/\/provinciadigital.com.ar\/index.php?rest_route=\/wp\/v2\/types\/post"}],"author":[{"embeddable":true,"href":"https:\/\/provinciadigital.com.ar\/index.php?rest_route=\/wp\/v2\/users\/1"}],"replies":[{"embeddable":true,"href":"https:\/\/provinciadigital.com.ar\/index.php?rest_route=%2Fwp%2Fv2%2Fcomments&post=4395"}],"version-history":[{"count":1,"href":"https:\/\/provinciadigital.com.ar\/index.php?rest_route=\/wp\/v2\/posts\/4395\/revisions"}],"predecessor-version":[{"id":4397,"href":"https:\/\/provinciadigital.com.ar\/index.php?rest_route=\/wp\/v2\/posts\/4395\/revisions\/4397"}],"wp:featuredmedia":[{"embeddable":true,"href":"https:\/\/provinciadigital.com.ar\/index.php?rest_route=\/wp\/v2\/media\/4396"}],"wp:attachment":[{"href":"https:\/\/provinciadigital.com.ar\/index.php?rest_route=%2Fwp%2Fv2%2Fmedia&parent=4395"}],"wp:term":[{"taxonomy":"category","embeddable":true,"href":"https:\/\/provinciadigital.com.ar\/index.php?rest_route=%2Fwp%2Fv2%2Fcategories&post=4395"},{"taxonomy":"post_tag","embeddable":true,"href":"https:\/\/provinciadigital.com.ar\/index.php?rest_route=%2Fwp%2Fv2%2Ftags&post=4395"}],"curies":[{"name":"wp","href":"https:\/\/api.w.org\/{rel}","templated":true}]}}