{"id":4398,"date":"2024-06-03T11:44:54","date_gmt":"2024-06-03T11:44:54","guid":{"rendered":"https:\/\/provinciadigital.com.ar\/?p=4398"},"modified":"2024-06-03T11:44:55","modified_gmt":"2024-06-03T11:44:55","slug":"juan-andreotti-y-los-vecinos-del-barrio-tiro-federal-inauguraron-una-nueva-torre-de-viviendas","status":"publish","type":"post","link":"https:\/\/provinciadigital.com.ar\/?p=4398","title":{"rendered":"Juan Andreotti y los vecinos del Barrio Tiro Federal inauguraron una nueva torre de viviendas"},"content":{"rendered":"\n<p>El Intendente de San Fernando acompa\u00f1\u00f3 a las familias que cumplieron el sue\u00f1o de sus viviendas, que hace muchos a\u00f1os se encontraban asignadas y sus obras frenadas. Se trat\u00f3 de la segunda torre de un complejo de 101 viviendas, parte de un programa provincial. Andreotti destac\u00f3 &#8220;el esfuerzo de los vecinos y el involucramiento del Municipio para que avancen&#8221;, y agreg\u00f3: &#8220;Dentro de poco entregaremos la Torre 3 gracias a que la Provincia de Buenos Aires contin\u00faa invirtiendo en vivienda&#8221;.<\/p>\n\n\n\n<p>Vecinos y vecinas del Barrio Tiro Federal celebraron el ansiado d\u00eda de la inauguraci\u00f3n de la segunda torre de su complejo de 101 departamentos, programa provincial de viviendas que hace muchos a\u00f1os estaban asignadas y sus obras frenadas: en 2023 fue entregada la primera torre. En este caso, 39 familias m\u00e1s recibieron las llaves de su nuevo hogar, acompa\u00f1ados por el Intendente Juan Andreotti y el Presidente del Honorable Concejo Deliberante, Santiago R\u00edos.<\/p>\n\n\n\n<p>&#8220;Muchas familias cumplen el sue\u00f1o de tener su casa propia; familias que se esforzaron durante much\u00edsimos a\u00f1os de una obra descontinuada, y que el esfuerzo y el involucramiento del Municipio hizo que estas viviendas avancen nuevamente&#8221;, se\u00f1al\u00f3 Andreotti y anunci\u00f3: &#8220;Dentro de poco entregaremos la Torre 3; gracias a que la Provincia de Buenos Aires contin\u00faa invirtiendo en viviendas&#8221;.<\/p>\n\n\n\n<p>Asimismo, el Intendente Juan Andreotti se refiri\u00f3 a la situaci\u00f3n del Programa de Desarrollo Habitacional &#8220;424 Viviendas&#8221;, complejo de Miguel Can\u00e9 entre Paran\u00e1 y Portugal, Virreyes Oeste: &#8220;Lamentablemente, el actual Gobierno Nacional descontinu\u00f3 su obra p\u00fablica y el sue\u00f1o de much\u00edsimos sanfernandinos y sanfernandinas que se anotaron. Hay viviendas que est\u00e1n en un 60% de construcci\u00f3n con mucho esfuerzo detr\u00e1s, por eso desde el Municipio y en la medida que podamos, trabajaremos entre todos para que se puedan ir finalizando&#8221;.<\/p>\n","protected":false},"excerpt":{"rendered":"<p>El Intendente de San Fernando acompa\u00f1\u00f3 a las familias que cumplieron el sue\u00f1o de sus viviendas, que hace muchos a\u00f1os se encontraban asignadas y sus obras frenadas. Se trat\u00f3 de la segunda torre de un complejo de 101 viviendas, parte de un programa provincial. Andreotti destac\u00f3 &#8220;el esfuerzo de los vecinos y el involucramiento del [&hellip;]<\/p>\n","protected":false},"author":1,"featured_media":4399,"comment_status":"open","ping_status":"open","sticky":false,"template":"","format":"standard","meta":{"footnotes":""},"categories":[116],"tags":[],"class_list":{"0":"post-4398","1":"post","2":"type-post","3":"status-publish","4":"format-standard","5":"has-post-thumbnail","7":"category-san-fernando"},"_links":{"self":[{"href":"https:\/\/provinciadigital.com.ar\/index.php?rest_route=\/wp\/v2\/posts\/4398","targetHints":{"allow":["GET"]}}],"collection":[{"href":"https:\/\/provinciadigital.com.ar\/index.php?rest_route=\/wp\/v2\/posts"}],"about":[{"href":"https:\/\/provinciadigital.com.ar\/index.php?rest_route=\/wp\/v2\/types\/post"}],"author":[{"embeddable":true,"href":"https:\/\/provinciadigital.com.ar\/index.php?rest_route=\/wp\/v2\/users\/1"}],"replies":[{"embeddable":true,"href":"https:\/\/provinciadigital.com.ar\/index.php?rest_route=%2Fwp%2Fv2%2Fcomments&post=4398"}],"version-history":[{"count":1,"href":"https:\/\/provinciadigital.com.ar\/index.php?rest_route=\/wp\/v2\/posts\/4398\/revisions"}],"predecessor-version":[{"id":4400,"href":"https:\/\/provinciadigital.com.ar\/index.php?rest_route=\/wp\/v2\/posts\/4398\/revisions\/4400"}],"wp:featuredmedia":[{"embeddable":true,"href":"https:\/\/provinciadigital.com.ar\/index.php?rest_route=\/wp\/v2\/media\/4399"}],"wp:attachment":[{"href":"https:\/\/provinciadigital.com.ar\/index.php?rest_route=%2Fwp%2Fv2%2Fmedia&parent=4398"}],"wp:term":[{"taxonomy":"category","embeddable":true,"href":"https:\/\/provinciadigital.com.ar\/index.php?rest_route=%2Fwp%2Fv2%2Fcategories&post=4398"},{"taxonomy":"post_tag","embeddable":true,"href":"https:\/\/provinciadigital.com.ar\/index.php?rest_route=%2Fwp%2Fv2%2Ftags&post=4398"}],"curies":[{"name":"wp","href":"https:\/\/api.w.org\/{rel}","templated":true}]}}