{"id":4447,"date":"2024-06-14T13:28:33","date_gmt":"2024-06-14T13:28:33","guid":{"rendered":"https:\/\/provinciadigital.com.ar\/?p=4447"},"modified":"2024-06-14T13:28:34","modified_gmt":"2024-06-14T13:28:34","slug":"julio-zamora-inauguro-la-escuela-primaria-n23-pablo-pizzurno-de-don-torcuato","status":"publish","type":"post","link":"https:\/\/provinciadigital.com.ar\/?p=4447","title":{"rendered":"Julio Zamora inaugur\u00f3 la Escuela Primaria N\u00b023 &#8220;Pablo Pizzurno&#8221; de Don Torcuato"},"content":{"rendered":"\n<p>En el barrio Aviaci\u00f3n de Don Torcuato, el intendente de Tigre, Julio Zamora, inaugur\u00f3 el nuevo edificio de la Escuela Primaria N\u00b023 &#8220;Pablo Pizzurno&#8221;. El nuevo establecimiento educativo permitir\u00e1 que las y los estudiantes puedan desarrollarse y aprender en un espacio con todos los servicios necesarios.<\/p>\n\n\n\n<p>&#8220;Este es un logro de toda la comunidad de Don Torcuato; de padres y madres que pelearon para que la escuela sea una realidad. Desde el Municipio de Tigre, a trav\u00e9s de la Secretar\u00eda de General, Obras y Servicios P\u00fablicos y la Subsecretar\u00eda de Educaci\u00f3n, estuvimos muy encima para realizar este edificio; con mucho amor y cari\u00f1o para que los ni\u00f1os, ni\u00f1as y j\u00f3venes puedan tener un pasaje digno en su curr\u00edcula escolar. Estamos muy contentos de haber dejado atr\u00e1s el establecimiento anterior que, producto de muchas inundaciones que hubo por la zona, ya no estaba apto&#8221;, expres\u00f3 el intendente Julio Zamora.<\/p>\n\n\n\n<p>Adem\u00e1s, agreg\u00f3: &#8220;La educaci\u00f3n es la herramienta de transformaci\u00f3n m\u00e1s importante que tenemos como sociedad; hay poner todo nuestro esfuerzo para cuidarla. La escuela es el centro de promoci\u00f3n humana que debemos seguir fortaleciendo. Esta instituci\u00f3n es obra de la comunidad de Tigre, no de un intendente, no de un gobierno municipal, y no de un gobernador, es del esfuerzo de cada vecino y vecina que paga sus impuestos tanto provinciales como municipales&#8221;.<\/p>\n","protected":false},"excerpt":{"rendered":"<p>En el barrio Aviaci\u00f3n de Don Torcuato, el intendente de Tigre, Julio Zamora, inaugur\u00f3 el nuevo edificio de la Escuela Primaria N\u00b023 &#8220;Pablo Pizzurno&#8221;. El nuevo establecimiento educativo permitir\u00e1 que las y los estudiantes puedan desarrollarse y aprender en un espacio con todos los servicios necesarios. &#8220;Este es un logro de toda la comunidad de [&hellip;]<\/p>\n","protected":false},"author":1,"featured_media":4448,"comment_status":"open","ping_status":"open","sticky":false,"template":"","format":"standard","meta":{"footnotes":""},"categories":[115],"tags":[],"class_list":{"0":"post-4447","1":"post","2":"type-post","3":"status-publish","4":"format-standard","5":"has-post-thumbnail","7":"category-tigre"},"_links":{"self":[{"href":"https:\/\/provinciadigital.com.ar\/index.php?rest_route=\/wp\/v2\/posts\/4447","targetHints":{"allow":["GET"]}}],"collection":[{"href":"https:\/\/provinciadigital.com.ar\/index.php?rest_route=\/wp\/v2\/posts"}],"about":[{"href":"https:\/\/provinciadigital.com.ar\/index.php?rest_route=\/wp\/v2\/types\/post"}],"author":[{"embeddable":true,"href":"https:\/\/provinciadigital.com.ar\/index.php?rest_route=\/wp\/v2\/users\/1"}],"replies":[{"embeddable":true,"href":"https:\/\/provinciadigital.com.ar\/index.php?rest_route=%2Fwp%2Fv2%2Fcomments&post=4447"}],"version-history":[{"count":1,"href":"https:\/\/provinciadigital.com.ar\/index.php?rest_route=\/wp\/v2\/posts\/4447\/revisions"}],"predecessor-version":[{"id":4449,"href":"https:\/\/provinciadigital.com.ar\/index.php?rest_route=\/wp\/v2\/posts\/4447\/revisions\/4449"}],"wp:featuredmedia":[{"embeddable":true,"href":"https:\/\/provinciadigital.com.ar\/index.php?rest_route=\/wp\/v2\/media\/4448"}],"wp:attachment":[{"href":"https:\/\/provinciadigital.com.ar\/index.php?rest_route=%2Fwp%2Fv2%2Fmedia&parent=4447"}],"wp:term":[{"taxonomy":"category","embeddable":true,"href":"https:\/\/provinciadigital.com.ar\/index.php?rest_route=%2Fwp%2Fv2%2Fcategories&post=4447"},{"taxonomy":"post_tag","embeddable":true,"href":"https:\/\/provinciadigital.com.ar\/index.php?rest_route=%2Fwp%2Fv2%2Ftags&post=4447"}],"curies":[{"name":"wp","href":"https:\/\/api.w.org\/{rel}","templated":true}]}}