{"id":4453,"date":"2024-06-18T12:00:58","date_gmt":"2024-06-18T12:00:58","guid":{"rendered":"https:\/\/provinciadigital.com.ar\/?p=4453"},"modified":"2024-06-18T12:00:58","modified_gmt":"2024-06-18T12:00:58","slug":"julio-zamora-participo-de-la-presentacion-del-proyecto-para-la-creacion-de-la-nueva-sede-de-la-universidad-austral-en-nordelta","status":"publish","type":"post","link":"https:\/\/provinciadigital.com.ar\/?p=4453","title":{"rendered":"Julio Zamora particip\u00f3 de la presentaci\u00f3n del proyecto para la creaci\u00f3n de la nueva sede de la Universidad Austral en Nordelta"},"content":{"rendered":"\n<p>El intendente de Tigre, Julio Zamora, comparti\u00f3 la presentaci\u00f3n del proyecto para la creaci\u00f3n de la nueva sede de la Universidad Austral (UA) en Nordelta mediante \u00c1rea Beta, una propuesta que comprender\u00e1 un centro de desarrollo urbano de usos mixtos y servicios en un total de 38 hect\u00e1reas dentro del complejo.<\/p>\n\n\n\n<p>&#8220;Junto a Nordelta estamos acompa\u00f1ando la presentaci\u00f3n de esta nueva propuesta acad\u00e9mica para el Municipio de Tigre. Creemos que es muy importante lograr que muchos j\u00f3venes puedan acceder a carreras universitarias y que tengan en el partido cada vez m\u00e1s oportunidades para fortalecer su aprendizaje&#8221;, se\u00f1al\u00f3 Zamora.<\/p>\n\n\n\n<p>Y a\u00f1adi\u00f3: &#8220;A las iniciativas que desde el Gobierno local venimos impulsando con nuestro Centro Universitario Tigre, acompa\u00f1amos estas acciones que tiene Nordelta que ya tiene un horizonte claro en este aspecto. En este caso, junto a Juli\u00e1n Rodr\u00edguez, es un placer estar participando del lanzamiento del proyecto que est\u00e1 lleno de expectativas de cara al futuro&#8221;.<\/p>\n\n\n\n<p>El flamante espacio de UA estar\u00e1 destinado a estudiantes que realicen los cursos de ingreso. Adem\u00e1s, en una primera etapa, el lugar albergar\u00e1 actividades con colegios, familias, potenciales alumnos y graduados. Asimismo, contar\u00e1 con salas de trabajo de equipo y estudio para los actuales estudiantes y un coworking para el personal del establecimiento.<\/p>\n\n\n\n<p>&#8220;Quiero agradecer la presencia de Julio Zamora, quien vino a compartir este momento tan importante para nosotros. Es un desaf\u00edo el que estamos transitando, sobre todo porque anhelamos replicar algo que hemos hecho en la sede de Pilar. Tenemos una idea focalizada en la investigaci\u00f3n y en la vinculaci\u00f3n con el entorno, las empresas y el Municipio de Tigre porque entendemos que la universidad tiene que estar al servicio de la comunidad. Estar en Tigre es una oportunidad perfecta para ese prop\u00f3sito&#8221;, manifest\u00f3 Juli\u00e1n Rodr\u00edguez.<\/p>\n\n\n\n<p>La Universidad Austral conserva tres sedes -Rosario, Ciudad de Buenos Aires y Pilar- con m\u00e1s de 9.000 alumnos y alumnas en 27 carreras de grado y 43 de posgrado. A su vez, mantiene un programa de becas para m\u00e1s del 40% del alumnado.<\/p>\n","protected":false},"excerpt":{"rendered":"<p>El intendente de Tigre, Julio Zamora, comparti\u00f3 la presentaci\u00f3n del proyecto para la creaci\u00f3n de la nueva sede de la Universidad Austral (UA) en Nordelta mediante \u00c1rea Beta, una propuesta que comprender\u00e1 un centro de desarrollo urbano de usos mixtos y servicios en un total de 38 hect\u00e1reas dentro del complejo. &#8220;Junto a Nordelta estamos [&hellip;]<\/p>\n","protected":false},"author":1,"featured_media":4454,"comment_status":"open","ping_status":"open","sticky":false,"template":"","format":"standard","meta":{"footnotes":""},"categories":[115],"tags":[],"class_list":{"0":"post-4453","1":"post","2":"type-post","3":"status-publish","4":"format-standard","5":"has-post-thumbnail","7":"category-tigre"},"_links":{"self":[{"href":"https:\/\/provinciadigital.com.ar\/index.php?rest_route=\/wp\/v2\/posts\/4453","targetHints":{"allow":["GET"]}}],"collection":[{"href":"https:\/\/provinciadigital.com.ar\/index.php?rest_route=\/wp\/v2\/posts"}],"about":[{"href":"https:\/\/provinciadigital.com.ar\/index.php?rest_route=\/wp\/v2\/types\/post"}],"author":[{"embeddable":true,"href":"https:\/\/provinciadigital.com.ar\/index.php?rest_route=\/wp\/v2\/users\/1"}],"replies":[{"embeddable":true,"href":"https:\/\/provinciadigital.com.ar\/index.php?rest_route=%2Fwp%2Fv2%2Fcomments&post=4453"}],"version-history":[{"count":1,"href":"https:\/\/provinciadigital.com.ar\/index.php?rest_route=\/wp\/v2\/posts\/4453\/revisions"}],"predecessor-version":[{"id":4455,"href":"https:\/\/provinciadigital.com.ar\/index.php?rest_route=\/wp\/v2\/posts\/4453\/revisions\/4455"}],"wp:featuredmedia":[{"embeddable":true,"href":"https:\/\/provinciadigital.com.ar\/index.php?rest_route=\/wp\/v2\/media\/4454"}],"wp:attachment":[{"href":"https:\/\/provinciadigital.com.ar\/index.php?rest_route=%2Fwp%2Fv2%2Fmedia&parent=4453"}],"wp:term":[{"taxonomy":"category","embeddable":true,"href":"https:\/\/provinciadigital.com.ar\/index.php?rest_route=%2Fwp%2Fv2%2Fcategories&post=4453"},{"taxonomy":"post_tag","embeddable":true,"href":"https:\/\/provinciadigital.com.ar\/index.php?rest_route=%2Fwp%2Fv2%2Ftags&post=4453"}],"curies":[{"name":"wp","href":"https:\/\/api.w.org\/{rel}","templated":true}]}}