{"id":4521,"date":"2024-07-12T11:31:52","date_gmt":"2024-07-12T11:31:52","guid":{"rendered":"https:\/\/provinciadigital.com.ar\/?p=4521"},"modified":"2024-07-12T11:31:53","modified_gmt":"2024-07-12T11:31:53","slug":"gracias-a-las-camaras-de-seguridad-atraparon-in-fraganti-a-robacables-de-la-zona-norte","status":"publish","type":"post","link":"https:\/\/provinciadigital.com.ar\/?p=4521","title":{"rendered":"Gracias a las c\u00e1maras de seguridad: atraparon in fraganti a &#8220;robacables&#8221; de la zona norte"},"content":{"rendered":"\n<p>Trepaban un palo de luz con agilidad para robar cables, lo que no sab\u00edan es que desde el centro de monitoreo del Municipio de San Isidro los estaban mirando. As\u00ed fue como detuvieron a dos &#8220;robacables&#8221; infraganti en la localidad de Beccar.<\/p>\n\n\n\n<p>La modalidad de estos delincuentes era de robo sostenido y ven\u00eda en ascenso en los \u00faltimos meses; un hurto sistem\u00e1tico de metros y metros de cables en distintos barrios de la zona norte del conurbano bonaenerense.<\/p>\n\n\n\n<p>En este caso la secuencia tuvo lugar en el cruce de las calles Udaondo y Newbery. Tras la alerta del personal del Centro de Operaciones Municipal (COM), arribaron los agentes del Patrullaje local, all\u00ed se toparon con dos sujetos que quer\u00edan llevarse metros de tendido de cables. Uno de los sospechosos fue detenido, y el otro intent\u00f3 huir del lugar, pero r\u00e1pidamente les cortaron el paso y lo capturaron a los pocos metros.<\/p>\n\n\n\n<p>&#8220;El personal del centro de monitoreo y el patrullaje local realiz\u00f3 un gran trabajo y detuvo a estas dos personas que roban cables en la zona norte. En San Isidro el que las hace, las paga. Nos estamos haciendo cargo de la seguridad para que nuestros vecinos puedan vivir seguros y tranquilos&#8221;, se\u00f1al\u00f3 el intendente local, Ram\u00f3n Lan\u00fas.<\/p>\n","protected":false},"excerpt":{"rendered":"<p>Trepaban un palo de luz con agilidad para robar cables, lo que no sab\u00edan es que desde el centro de monitoreo del Municipio de San Isidro los estaban mirando. As\u00ed fue como detuvieron a dos &#8220;robacables&#8221; infraganti en la localidad de Beccar. La modalidad de estos delincuentes era de robo sostenido y ven\u00eda en ascenso [&hellip;]<\/p>\n","protected":false},"author":1,"featured_media":4522,"comment_status":"open","ping_status":"open","sticky":false,"template":"","format":"standard","meta":{"footnotes":""},"categories":[117],"tags":[],"class_list":{"0":"post-4521","1":"post","2":"type-post","3":"status-publish","4":"format-standard","5":"has-post-thumbnail","7":"category-san-isidro"},"_links":{"self":[{"href":"https:\/\/provinciadigital.com.ar\/index.php?rest_route=\/wp\/v2\/posts\/4521","targetHints":{"allow":["GET"]}}],"collection":[{"href":"https:\/\/provinciadigital.com.ar\/index.php?rest_route=\/wp\/v2\/posts"}],"about":[{"href":"https:\/\/provinciadigital.com.ar\/index.php?rest_route=\/wp\/v2\/types\/post"}],"author":[{"embeddable":true,"href":"https:\/\/provinciadigital.com.ar\/index.php?rest_route=\/wp\/v2\/users\/1"}],"replies":[{"embeddable":true,"href":"https:\/\/provinciadigital.com.ar\/index.php?rest_route=%2Fwp%2Fv2%2Fcomments&post=4521"}],"version-history":[{"count":1,"href":"https:\/\/provinciadigital.com.ar\/index.php?rest_route=\/wp\/v2\/posts\/4521\/revisions"}],"predecessor-version":[{"id":4523,"href":"https:\/\/provinciadigital.com.ar\/index.php?rest_route=\/wp\/v2\/posts\/4521\/revisions\/4523"}],"wp:featuredmedia":[{"embeddable":true,"href":"https:\/\/provinciadigital.com.ar\/index.php?rest_route=\/wp\/v2\/media\/4522"}],"wp:attachment":[{"href":"https:\/\/provinciadigital.com.ar\/index.php?rest_route=%2Fwp%2Fv2%2Fmedia&parent=4521"}],"wp:term":[{"taxonomy":"category","embeddable":true,"href":"https:\/\/provinciadigital.com.ar\/index.php?rest_route=%2Fwp%2Fv2%2Fcategories&post=4521"},{"taxonomy":"post_tag","embeddable":true,"href":"https:\/\/provinciadigital.com.ar\/index.php?rest_route=%2Fwp%2Fv2%2Ftags&post=4521"}],"curies":[{"name":"wp","href":"https:\/\/api.w.org\/{rel}","templated":true}]}}