{"id":4620,"date":"2024-08-07T14:27:02","date_gmt":"2024-08-07T14:27:02","guid":{"rendered":"https:\/\/provinciadigital.com.ar\/?p=4620"},"modified":"2024-08-07T14:27:03","modified_gmt":"2024-08-07T14:27:03","slug":"los-sabados-las-plazas-de-san-fernando-tendran-actividades-por-el-mes-de-las-infancias","status":"publish","type":"post","link":"https:\/\/provinciadigital.com.ar\/?p=4620","title":{"rendered":"Los s\u00e1bados, las plazas de San Fernando tendr\u00e1n actividades por el Mes de las Infancias"},"content":{"rendered":"\n<p>En el marco del Mes de las Infancias, el Municipio invita a las vecinas y vecinos a disfrutar en familia las tardes m\u00e1s lindas y divertidas en todas las plazas y parques de San Fernando, los s\u00e1bados 10, 17, 24 y 31 de agosto de 14 a 17 horas, totalmente gratis.<\/p>\n\n\n\n<p>Se realizar\u00e1n actividades deportivas y culturales: maquillaje, presentaci\u00f3n de artistas, shows de magia y payasos, teatro, inflables, juegos y sorteos.<\/p>\n\n\n\n<p>El cronograma de actividades es el siguiente:<\/p>\n\n\n\n<p><strong>S\u00e1bado 10 de agosto &#8211; de 14 a 17 horas<\/strong><\/p>\n\n\n\n<p>Plaza Dorrego &#8211; Constituci\u00f3n e Ingeniero White.<\/p>\n\n\n\n<p>Plaza Hardoy &#8211; M\u00e1laga y Arenales.<\/p>\n\n\n\n<p>Plaza San Pablo &#8211; Quintana y Pueyrred\u00f3n.<\/p>\n\n\n\n<p><strong>S\u00e1bado 17 de agosto &#8211; de 14 a 17 horas<\/strong><\/p>\n\n\n\n<p>Parque N\u00e1utico &#8211; Alte. Martin y Rio Luj\u00e1n<\/p>\n\n\n\n<p>Parque del Bicentenario &#8211; Guido Spano y Los Pinos.<\/p>\n\n\n\n<p>Plaza Carlos Gardel &#8211; Quintana y Portugal.<\/p>\n\n\n\n<p><strong>S\u00e1bado 24 de agosto &#8211; de 14 a 17 horas<\/strong><\/p>\n\n\n\n<p>Plaza Malvinas &#8211; M\u00e1laga y Pasteur.<\/p>\n\n\n\n<p>Plaza Infico &#8211; Suipacha y Alvear.<\/p>\n\n\n\n<p>Plaza Belgrano &#8211; Sargento D\u00edaz y Cordero.<\/p>\n\n\n\n<p><strong>S\u00e1bado 31 de agosto &#8211; de 14 a 17 horas<\/strong><\/p>\n\n\n\n<p>Plaza del Bicentenario &#8211; Ruta 202 y French.<\/p>\n\n\n\n<p>Plaza Mitre &#8211; Madero y Constituci\u00f3n.<\/p>\n\n\n\n<p>Plaza de los Inmigrantes Italianos &#8211; Cordero y Paran\u00e1.<\/p>\n","protected":false},"excerpt":{"rendered":"<p>En el marco del Mes de las Infancias, el Municipio invita a las vecinas y vecinos a disfrutar en familia las tardes m\u00e1s lindas y divertidas en todas las plazas y parques de San Fernando, los s\u00e1bados 10, 17, 24 y 31 de agosto de 14 a 17 horas, totalmente gratis. Se realizar\u00e1n actividades deportivas [&hellip;]<\/p>\n","protected":false},"author":1,"featured_media":4621,"comment_status":"open","ping_status":"open","sticky":false,"template":"","format":"standard","meta":{"footnotes":""},"categories":[116],"tags":[],"class_list":{"0":"post-4620","1":"post","2":"type-post","3":"status-publish","4":"format-standard","5":"has-post-thumbnail","7":"category-san-fernando"},"_links":{"self":[{"href":"https:\/\/provinciadigital.com.ar\/index.php?rest_route=\/wp\/v2\/posts\/4620","targetHints":{"allow":["GET"]}}],"collection":[{"href":"https:\/\/provinciadigital.com.ar\/index.php?rest_route=\/wp\/v2\/posts"}],"about":[{"href":"https:\/\/provinciadigital.com.ar\/index.php?rest_route=\/wp\/v2\/types\/post"}],"author":[{"embeddable":true,"href":"https:\/\/provinciadigital.com.ar\/index.php?rest_route=\/wp\/v2\/users\/1"}],"replies":[{"embeddable":true,"href":"https:\/\/provinciadigital.com.ar\/index.php?rest_route=%2Fwp%2Fv2%2Fcomments&post=4620"}],"version-history":[{"count":1,"href":"https:\/\/provinciadigital.com.ar\/index.php?rest_route=\/wp\/v2\/posts\/4620\/revisions"}],"predecessor-version":[{"id":4622,"href":"https:\/\/provinciadigital.com.ar\/index.php?rest_route=\/wp\/v2\/posts\/4620\/revisions\/4622"}],"wp:featuredmedia":[{"embeddable":true,"href":"https:\/\/provinciadigital.com.ar\/index.php?rest_route=\/wp\/v2\/media\/4621"}],"wp:attachment":[{"href":"https:\/\/provinciadigital.com.ar\/index.php?rest_route=%2Fwp%2Fv2%2Fmedia&parent=4620"}],"wp:term":[{"taxonomy":"category","embeddable":true,"href":"https:\/\/provinciadigital.com.ar\/index.php?rest_route=%2Fwp%2Fv2%2Fcategories&post=4620"},{"taxonomy":"post_tag","embeddable":true,"href":"https:\/\/provinciadigital.com.ar\/index.php?rest_route=%2Fwp%2Fv2%2Ftags&post=4620"}],"curies":[{"name":"wp","href":"https:\/\/api.w.org\/{rel}","templated":true}]}}