{"id":4679,"date":"2024-08-27T13:14:14","date_gmt":"2024-08-27T13:14:14","guid":{"rendered":"https:\/\/provinciadigital.com.ar\/?p=4679"},"modified":"2024-08-27T13:14:15","modified_gmt":"2024-08-27T13:14:15","slug":"el-gobierno-nacional-mantendra-la-red-sube-en-las-lineas-de-jurisdiccion-nacional","status":"publish","type":"post","link":"https:\/\/provinciadigital.com.ar\/?p=4679","title":{"rendered":"El Gobierno Nacional mantendr\u00e1 la Red Sube en las l\u00edneas de jurisdicci\u00f3n nacional"},"content":{"rendered":"\n<p>&#8220;En el marco del ordenamiento de subsidios al transporte, el Gobierno Nacional defini\u00f3 terminar con los favoritismos hacia algunas jurisdicciones en relaci\u00f3n a los recursos destinados a financiar al transporte y garantizar el federalismo y la igualdad de condiciones en todos los distritos&#8221;, se\u00f1ala el documento difundido esta tarde.<\/p>\n\n\n\n<p>En este sentido, apuntaron que &#8220;la Naci\u00f3n mantendr\u00e1 el programa Red SUBE en las l\u00edneas de colectivo de Jurisdicci\u00f3n Nacional y en los trenes, a la vez que se sostendr\u00e1 la Tarifa Social a m\u00e1s de 5.3 millones de personas que pagan el boleto con un descuento del 55% en todo el pa\u00eds. De esta manera, el Estado Nacional continuar\u00e1 con el programa de descuentos de 50 y 75% en el valor del boleto de los viajes en las 103 l\u00edneas de jurisdicci\u00f3n nacional del AMBA y en los trenes&#8221;.<\/p>\n\n\n\n<p>Sostienen que, &#8220;debido a que el Estado Nacional subsidia \u00fanicamente con tarifa social a los transporte jurisdiccionales, el Gobierno de la provincia de Buenos Aires no puede exigir privilegios para su jurisdicci\u00f3n y menos tener un accionar que se asocie al ventajismo pol\u00edtico&#8221;.<\/p>\n\n\n\n<p>&#8220;Desde el Gobierno Nacional se apunta a que los recursos se distribuyan de forma equitativa en todas las provincias del pa\u00eds, asumiendo los gastos exclusivamente de las responsabilidades que le corresponden&#8221;, argumenta el Gobierno.<\/p>\n\n\n\n<p>Finalmente, remarca que &#8220;en el mes de julio la provincia de Buenos Aires hab\u00eda aceptado hacerse cargo de los costos del sistema en las l\u00edneas de colectivo de su territorio, pero ahora decidi\u00f3 que no solventar\u00e1 Red SUBE, perjudicando a m\u00e1s de 450 mil bonaerenses por d\u00eda que no podr\u00e1n acceder a los beneficios. La medida va en l\u00ednea con que las jurisdicciones implementen los descuentos que consideren como sucede por ejemplo en Mendoza y Rosario, entre otros&#8221;.<\/p>\n","protected":false},"excerpt":{"rendered":"<p>&#8220;En el marco del ordenamiento de subsidios al transporte, el Gobierno Nacional defini\u00f3 terminar con los favoritismos hacia algunas jurisdicciones en relaci\u00f3n a los recursos destinados a financiar al transporte y garantizar el federalismo y la igualdad de condiciones en todos los distritos&#8221;, se\u00f1ala el documento difundido esta tarde. En este sentido, apuntaron que &#8220;la [&hellip;]<\/p>\n","protected":false},"author":1,"featured_media":4680,"comment_status":"open","ping_status":"open","sticky":false,"template":"","format":"standard","meta":{"footnotes":""},"categories":[129],"tags":[],"class_list":{"0":"post-4679","1":"post","2":"type-post","3":"status-publish","4":"format-standard","5":"has-post-thumbnail","7":"category-nacionales"},"_links":{"self":[{"href":"https:\/\/provinciadigital.com.ar\/index.php?rest_route=\/wp\/v2\/posts\/4679","targetHints":{"allow":["GET"]}}],"collection":[{"href":"https:\/\/provinciadigital.com.ar\/index.php?rest_route=\/wp\/v2\/posts"}],"about":[{"href":"https:\/\/provinciadigital.com.ar\/index.php?rest_route=\/wp\/v2\/types\/post"}],"author":[{"embeddable":true,"href":"https:\/\/provinciadigital.com.ar\/index.php?rest_route=\/wp\/v2\/users\/1"}],"replies":[{"embeddable":true,"href":"https:\/\/provinciadigital.com.ar\/index.php?rest_route=%2Fwp%2Fv2%2Fcomments&post=4679"}],"version-history":[{"count":1,"href":"https:\/\/provinciadigital.com.ar\/index.php?rest_route=\/wp\/v2\/posts\/4679\/revisions"}],"predecessor-version":[{"id":4681,"href":"https:\/\/provinciadigital.com.ar\/index.php?rest_route=\/wp\/v2\/posts\/4679\/revisions\/4681"}],"wp:featuredmedia":[{"embeddable":true,"href":"https:\/\/provinciadigital.com.ar\/index.php?rest_route=\/wp\/v2\/media\/4680"}],"wp:attachment":[{"href":"https:\/\/provinciadigital.com.ar\/index.php?rest_route=%2Fwp%2Fv2%2Fmedia&parent=4679"}],"wp:term":[{"taxonomy":"category","embeddable":true,"href":"https:\/\/provinciadigital.com.ar\/index.php?rest_route=%2Fwp%2Fv2%2Fcategories&post=4679"},{"taxonomy":"post_tag","embeddable":true,"href":"https:\/\/provinciadigital.com.ar\/index.php?rest_route=%2Fwp%2Fv2%2Ftags&post=4679"}],"curies":[{"name":"wp","href":"https:\/\/api.w.org\/{rel}","templated":true}]}}