{"id":4682,"date":"2024-08-27T13:16:06","date_gmt":"2024-08-27T13:16:06","guid":{"rendered":"https:\/\/provinciadigital.com.ar\/?p=4682"},"modified":"2024-08-27T13:16:08","modified_gmt":"2024-08-27T13:16:08","slug":"colectivos-a-partir-de-septiembre-habra-menos-servicios-nocturnos-y-los-fines-de-semana-en-el-amba","status":"publish","type":"post","link":"https:\/\/provinciadigital.com.ar\/?p=4682","title":{"rendered":"Colectivos: a partir de septiembre habr\u00e1 menos servicios nocturnos y los fines de semana en el AMBA"},"content":{"rendered":"\n<p>La medida est\u00e1 relacionada al conflicto existente entre los gobiernos nacional, bonaerense y porte\u00f1o por la responsabilidad del financiamiento de los subsidios al transporte en el territorio metropolitano.<\/p>\n\n\n\n<p>En este marco, las c\u00e1maras empresarias del sector manifestaron en un comunicado que la continuidad de los servicios est\u00e1 en riesgo por &#8220;la falta de acuerdo entre las jurisdicciones del AMBA (Naci\u00f3n, CABA y PBA)&#8221; sobre la cobertura de los subsidios a las l\u00edneas de CABA desde el 1\/9\/2024, la cobertura de la RED SUBE para aquellas l\u00edneas que no son de Jurisdicci\u00f3n Nacional y recorren el AMBA, la falta de actualizaci\u00f3n de la estructura de costo utilizada para calcular subsidios y el sub-reconocimiento en c\u00e1lculo de subsidios de costo de inversi\u00f3n en coches, respecto al que denuncian que existe una &#8220;brecha mayor al 100%&#8221;.<\/p>\n\n\n\n<p>El documento empresario expres\u00f3 que &#8220;si bien desde el 12\/8\/24 se ajust\u00f3 la Tarifa en 37%, se recuerda que esto es un mecanismo que utiliza el Regulador para ahorrar subsidios, por lo que no tiene impacto sobre las econom\u00edas de las empresas&#8221;.<\/p>\n\n\n\n<p>En este sentido, detall\u00f3 que &#8220;entre Tarifa y Subsidios los operadores recibimos $862 promedio por viaje, lo cual lejos est\u00e1 de cubrir las necesidades de inversi\u00f3n que demanda un sistema del tama\u00f1o del AMBA, con las responsabilidades civiles que ello conlleva&#8221;, se\u00f1alando que &#8220;esta crisis no es nueva&#8221;, sino que &#8220;se agrav\u00f3 a la salida de la pandemia, y no logra recomponerse, por eso los usuarios perciben un servicio cada vez peor mientras parad\u00f3jicamente pagan m\u00e1s&#8221;.<\/p>\n\n\n\n<p>Ante el escenario descripto, las empresas indicaron que &#8220;no hemos logrado comunicaciones eficaces con las autoridades, de manera de prever c\u00f3mo garantizar los servicios el mes que viene ante eventuales quitas de subsidios que no sean compensadas con tarifa, ante la falta de acuerdo entre ellas. Por tal motivo desde la semana que viene se reducir\u00e1n los servicios en horarios nocturnos y fines de semana, para evitar una par\u00e1lisis mayor&#8221;.<\/p>\n\n\n\n<p>Est\u00e1 decisi\u00f3n implica un aumento en la reducci\u00f3n de los servicios que ya se viene aplicando en los \u00faltimos meses, lo que se refleja en que &#8220;ya se perdieron 5% de las frecuencias, cifras que se ir\u00e1n incrementando&#8221;, seg\u00fan puntualizan los empresarios.<\/p>\n\n\n\n<p>En este contexto, tambi\u00e9n peligran los puestos de trabajo de los colectiveros ya que las empresas aseguran que &#8220;no podremos garantizar continuidad de fuentes laborales, hasta tanto se resuelva c\u00f3mo y qui\u00e9n paga por este transporte que emplea a 50.000 trabajadores, que moviliza casi 10 millones de pasajeros diarios, y cuya tarifa cubre solo un 20% del costo real, medici\u00f3n que invitamos a cualquier investigador independiente para que eval\u00fae&#8221;.<\/p>\n\n\n\n<p>Al mismo tiempo, remarcaron que &#8220;agrava el cuadro la irregular distribuci\u00f3n de subsidios en favor del Grupo DOTA, en desmedro del resto, al recibir el equivalente a m\u00e1s de 30.000 millones de pesos de fondos p\u00fablicos de manera indebida desde 2022&#8221;.<\/p>\n\n\n\n<p>Al respecto, se\u00f1alaron que &#8220;esta situaci\u00f3n derivada de una poco transparente distribuci\u00f3n de subsidios al gasoil entre todos operadores, y que beneficia a ese grupo, ya ha sido advertida por las actuales autoridades que heredaron este tema que empez\u00f3 hace m\u00e1s de 2 a\u00f1os, y que si bien existe el compromiso de que se corregir\u00e1 a trav\u00e9s de la orientaci\u00f3n del subsidio a la demanda, el da\u00f1o producido contribuye a agravar la crisis del sector, hasta tanto tal irregularidad sea corregida&#8221;.<\/p>\n","protected":false},"excerpt":{"rendered":"<p>La medida est\u00e1 relacionada al conflicto existente entre los gobiernos nacional, bonaerense y porte\u00f1o por la responsabilidad del financiamiento de los subsidios al transporte en el territorio metropolitano. En este marco, las c\u00e1maras empresarias del sector manifestaron en un comunicado que la continuidad de los servicios est\u00e1 en riesgo por &#8220;la falta de acuerdo entre [&hellip;]<\/p>\n","protected":false},"author":1,"featured_media":4683,"comment_status":"open","ping_status":"open","sticky":false,"template":"","format":"standard","meta":{"footnotes":""},"categories":[129],"tags":[],"class_list":{"0":"post-4682","1":"post","2":"type-post","3":"status-publish","4":"format-standard","5":"has-post-thumbnail","7":"category-nacionales"},"_links":{"self":[{"href":"https:\/\/provinciadigital.com.ar\/index.php?rest_route=\/wp\/v2\/posts\/4682","targetHints":{"allow":["GET"]}}],"collection":[{"href":"https:\/\/provinciadigital.com.ar\/index.php?rest_route=\/wp\/v2\/posts"}],"about":[{"href":"https:\/\/provinciadigital.com.ar\/index.php?rest_route=\/wp\/v2\/types\/post"}],"author":[{"embeddable":true,"href":"https:\/\/provinciadigital.com.ar\/index.php?rest_route=\/wp\/v2\/users\/1"}],"replies":[{"embeddable":true,"href":"https:\/\/provinciadigital.com.ar\/index.php?rest_route=%2Fwp%2Fv2%2Fcomments&post=4682"}],"version-history":[{"count":1,"href":"https:\/\/provinciadigital.com.ar\/index.php?rest_route=\/wp\/v2\/posts\/4682\/revisions"}],"predecessor-version":[{"id":4684,"href":"https:\/\/provinciadigital.com.ar\/index.php?rest_route=\/wp\/v2\/posts\/4682\/revisions\/4684"}],"wp:featuredmedia":[{"embeddable":true,"href":"https:\/\/provinciadigital.com.ar\/index.php?rest_route=\/wp\/v2\/media\/4683"}],"wp:attachment":[{"href":"https:\/\/provinciadigital.com.ar\/index.php?rest_route=%2Fwp%2Fv2%2Fmedia&parent=4682"}],"wp:term":[{"taxonomy":"category","embeddable":true,"href":"https:\/\/provinciadigital.com.ar\/index.php?rest_route=%2Fwp%2Fv2%2Fcategories&post=4682"},{"taxonomy":"post_tag","embeddable":true,"href":"https:\/\/provinciadigital.com.ar\/index.php?rest_route=%2Fwp%2Fv2%2Ftags&post=4682"}],"curies":[{"name":"wp","href":"https:\/\/api.w.org\/{rel}","templated":true}]}}