{"id":4688,"date":"2024-08-28T12:05:08","date_gmt":"2024-08-28T12:05:08","guid":{"rendered":"https:\/\/provinciadigital.com.ar\/?p=4688"},"modified":"2024-08-28T12:05:12","modified_gmt":"2024-08-28T12:05:12","slug":"cuneo-libarona-dijo-que-rechaza-la-diversidad-de-identidades-sexuales-y-provoco-un-escandalo-en-diputados","status":"publish","type":"post","link":"https:\/\/provinciadigital.com.ar\/?p=4688","title":{"rendered":"C\u00faneo Libarona dijo que rechaza la &#8220;diversidad de identidades sexuales&#8221; y provoc\u00f3 un esc\u00e1ndalo en Diputados"},"content":{"rendered":"\n<p>El ministro de Justicia, Mariano C\u00faneo Libarona, sostuvo hoy que desde el Gobierno &#8220;rechazan la diversidad de identidades sexuales no alineadas con la biolog\u00eda&#8221; y desencaden\u00f3 un esc\u00e1ndalo en la C\u00e1mara de Diputados, con legisladores que le salieron al cruce con vehemencia.<\/p>\n\n\n\n<p>El funcionario, invitado a exponer por la comisi\u00f3n de Mujeres, G\u00e9neros y Diversidad, indic\u00f3 que &#8220;la violencia no tiene g\u00e9nero&#8221; ya que &#8220;afecta a todos por igual&#8221;, y destac\u00f3 que el Poder Ejecutivo promueve &#8220;el valor de la familia&#8221;.<\/p>\n\n\n\n<p>&#8220;Se acab\u00f3 s\u00f3lo el g\u00e9nero. Nosotros vamos por otros valores. Nuestro valor es la familia. La familia es el centro de la sociedad. \u00bfCu\u00e1les son los valores familiares tradicionales? El amor, la uni\u00f3n, el trabajo, el estudio, la solidaridad, la igualdad ante la ley, la igualdad de trato, promover los s\u00edmbolos patri\u00f3ticos, los valores patri\u00f3ticos, respetar y honrar a nuestros pr\u00f3ceres&#8221;, arranc\u00f3.<\/p>\n\n\n\n<p>&#8220;Esto resulta esencial para el bienestar de los individuos, para la la armon\u00eda y cohesi\u00f3n social. Nosotros rechazamos la diversidad de identidades sexuales que no se alinean con la biolog\u00eda. Son inventos subjetivos&#8221;, lanz\u00f3 C\u00faneo Libarona, quien despu\u00e9s de semejante afirmaci\u00f3n no pudo continuar hablando a ra\u00edz del revuelo que hab\u00edan generado sus conceptos.<\/p>\n\n\n\n<p>Varias diputadas nacionales reaccionaron con indignaci\u00f3n, entre ellas Carla Carrizo (UCR), Paula Penacca (UP) y Vanina Biasi (FIT), incr\u00e9dulas ante lo que estaban escuchando de boca del ministro.<\/p>\n\n\n\n<p>&#8220;Una cosa son sus opiniones personales y otra cosa es la ley. Usted es ministro de Justicia, est\u00e1 obligado a respetar las leyes del Estado argentino. No importa lo que usted piense. Queremos que estudie. Es una falta de respeto a todos los diputados de ac\u00e1&#8221;, lo ret\u00f3 Carrizo.<\/p>\n\n\n\n<p>C\u00faneo Libarona llam\u00f3 a un colaborador y le susurr\u00f3 en el o\u00eddo un justificativo, con la mala fortuna de que el comentario fue captado por el micr\u00f3fono. &#8220;Esto est\u00e1 textual del discurso de (Javier) Milei&#8221;, se excus\u00f3, como si apelar a la autoridad presidencial fuera suficiente para fundamentar sus afirmaciones.<\/p>\n\n\n\n<p>En el medio, un grupo de mujeres antifeministas empez\u00f3 a vituperar a las diputadas opositoras.<\/p>\n\n\n\n<p>&#8220;Se ponen a defender a violadores, por eso tienen candidatos como (Germ\u00e1n) Kiczka ustedes&#8221;, fustig\u00f3 Biasi. &#8220;Saquen a esa barra de ped\u00f3filos&#8221;, reclam\u00f3 la diputada de izquierda.<\/p>\n\n\n\n<p>La presidenta de la comisi\u00f3n de Mujeres, M\u00f3nica Macha, pidi\u00f3 al personal de seguridad que retirase a las mujeres de la sala, ante la presunci\u00f3n de que no hab\u00edan sido invitadas por ning\u00fan legislador.<\/p>\n\n\n\n<p>Sin embargo, la diputada Lorena Villaverde (LLA) le aclar\u00f3 a la diputada kirchnerista que ella las hab\u00eda invitado, por lo que se les permiti\u00f3 permanecer en la sala a condici\u00f3n de que mantuvieran el orden.<\/p>\n\n\n\n<p>Finalmente, despu\u00e9s de unos tensos minutos de gritos y murmullos, C\u00faneo Libarona pudo proseguir su exposici\u00f3n.<\/p>\n\n\n\n<p>Cuando termin\u00f3 su discurso, tom\u00f3 la palabra el diputado del Partido Socialista y Encuentro Federal Esteban Paul\u00f3n, un reconocido activista del colectivo LGTB.<\/p>\n\n\n\n<p>&#8220;Soy un activista gay, estoy casado hace 14 a\u00f1os. Mi familia tambi\u00e9n tiene valores, amor, cuidado mutuo, respeto, como cualquier otra familia&#8221;, lo corrigi\u00f3 al ministro.<\/p>\n\n\n\n<p>&#8220;En 2024 venir a plantear que la orientaci\u00f3n sexual o la identidad de g\u00e9nero no es una circunstancia que motiva discriminaci\u00f3n o falta de acceso a derechos es desconocer la realidad. Tanto es desconocer la realidad que este Congreso tuvo que crear una ley especifica para que las personas homosexuales podamos casarnos en igualdad de condiciones&#8221;, continu\u00f3.<\/p>\n\n\n\n<p>El socialista le pidi\u00f3 entonces a C\u00faneo Libarona que le explique &#8220;por qu\u00e9 la igualdad ante la ley implicar\u00eda&#8221; que \u00e9l no puede casarse &#8220;simplemente por amar a una persona del mismo sexo&#8221;.<\/p>\n\n\n\n<p>Paul\u00f3n tambi\u00e9n le record\u00f3 que el Congreso &#8220;tuvo que sancionar una ley para reconocer la identidad de g\u00e9nero de las personas del colectivo travesti y trans, que antes de la ley de identidad de g\u00e9nero eran el sector m\u00e1s excluido de la sociedad&#8221;.<\/p>\n","protected":false},"excerpt":{"rendered":"<p>El ministro de Justicia, Mariano C\u00faneo Libarona, sostuvo hoy que desde el Gobierno &#8220;rechazan la diversidad de identidades sexuales no alineadas con la biolog\u00eda&#8221; y desencaden\u00f3 un esc\u00e1ndalo en la C\u00e1mara de Diputados, con legisladores que le salieron al cruce con vehemencia. El funcionario, invitado a exponer por la comisi\u00f3n de Mujeres, G\u00e9neros y Diversidad, [&hellip;]<\/p>\n","protected":false},"author":1,"featured_media":4689,"comment_status":"open","ping_status":"open","sticky":false,"template":"","format":"standard","meta":{"footnotes":""},"categories":[129],"tags":[],"class_list":{"0":"post-4688","1":"post","2":"type-post","3":"status-publish","4":"format-standard","5":"has-post-thumbnail","7":"category-nacionales"},"_links":{"self":[{"href":"https:\/\/provinciadigital.com.ar\/index.php?rest_route=\/wp\/v2\/posts\/4688","targetHints":{"allow":["GET"]}}],"collection":[{"href":"https:\/\/provinciadigital.com.ar\/index.php?rest_route=\/wp\/v2\/posts"}],"about":[{"href":"https:\/\/provinciadigital.com.ar\/index.php?rest_route=\/wp\/v2\/types\/post"}],"author":[{"embeddable":true,"href":"https:\/\/provinciadigital.com.ar\/index.php?rest_route=\/wp\/v2\/users\/1"}],"replies":[{"embeddable":true,"href":"https:\/\/provinciadigital.com.ar\/index.php?rest_route=%2Fwp%2Fv2%2Fcomments&post=4688"}],"version-history":[{"count":1,"href":"https:\/\/provinciadigital.com.ar\/index.php?rest_route=\/wp\/v2\/posts\/4688\/revisions"}],"predecessor-version":[{"id":4690,"href":"https:\/\/provinciadigital.com.ar\/index.php?rest_route=\/wp\/v2\/posts\/4688\/revisions\/4690"}],"wp:featuredmedia":[{"embeddable":true,"href":"https:\/\/provinciadigital.com.ar\/index.php?rest_route=\/wp\/v2\/media\/4689"}],"wp:attachment":[{"href":"https:\/\/provinciadigital.com.ar\/index.php?rest_route=%2Fwp%2Fv2%2Fmedia&parent=4688"}],"wp:term":[{"taxonomy":"category","embeddable":true,"href":"https:\/\/provinciadigital.com.ar\/index.php?rest_route=%2Fwp%2Fv2%2Fcategories&post=4688"},{"taxonomy":"post_tag","embeddable":true,"href":"https:\/\/provinciadigital.com.ar\/index.php?rest_route=%2Fwp%2Fv2%2Ftags&post=4688"}],"curies":[{"name":"wp","href":"https:\/\/api.w.org\/{rel}","templated":true}]}}