{"id":4741,"date":"2024-09-20T12:07:19","date_gmt":"2024-09-20T12:07:19","guid":{"rendered":"https:\/\/provinciadigital.com.ar\/?p=4741"},"modified":"2024-09-20T12:07:22","modified_gmt":"2024-09-20T12:07:22","slug":"mas-de-40-mil-jubiladas-y-jubilados-bonaerenses-estan-exentos-del-pago-del-impuesto-inmobiliario","status":"publish","type":"post","link":"https:\/\/provinciadigital.com.ar\/?p=4741","title":{"rendered":"M\u00e1s de 40 mil jubiladas y jubilados bonaerenses est\u00e1n exentos del pago del Impuesto Inmobiliario"},"content":{"rendered":"\n<p>&#8220;Desde el gobierno de Axel Kicillof nos esforzamos d\u00eda a d\u00eda por proteger a las jubiladas y jubilados, quienes han trabajado incansablemente, atravesando todo tipo de adversidades, para construir este pa\u00eds. Mientras el gobierno nacional de Milei avanza con ajustes que afectan a los sectores m\u00e1s vulnerables, la provincia defiende sus derechos con pol\u00edticas concretas. La prioridad en Buenos Aires es clara: quienes m\u00e1s necesitan, primero&#8221;, se\u00f1al\u00f3 Cristian Girard, Director Ejecutivo de ARBA.<\/p>\n\n\n\n<p>C\u00f3mo acceder al beneficio<\/p>\n\n\n\n<p>Para acceder a la exenci\u00f3n del Impuesto Inmobiliario, las personas deben cumplir con los requisitos establecidos en el C\u00f3digo Fiscal. Es necesario ser titular de un \u00fanico inmueble edificado destinado a vivienda familiar, cuya valuaci\u00f3n fiscal no supere los $6 millones en 2024.<\/p>\n\n\n\n<p>El tr\u00e1mite se puede iniciar de manera online a trav\u00e9s de la p\u00e1gina web de ARBA, utilizando el CUIT y la clave CIT. Una vez completada la solicitud, el beneficiario deber\u00e1 presentar en el Centro de Servicios m\u00e1s cercano la documentaci\u00f3n requerida, que incluye DNI, escritura del inmueble, comprobante de cobro de jubilaci\u00f3n o pensi\u00f3n, y el hist\u00f3rico de haberes de ANSES o IPS. Para personas casadas o viudas, ser\u00e1 necesario tambi\u00e9n adjuntar el certificado de matrimonio o el certificado de defunci\u00f3n del c\u00f3nyuge, seg\u00fan corresponda.<\/p>\n\n\n\n<p>Esta medida se enmarca dentro de las pol\u00edticas de simplificaci\u00f3n tributaria impulsadas por ARBA, cuyo objetivo es facilitar los tr\u00e1mites y garantizar la justicia fiscal para quienes m\u00e1s lo necesitan.<\/p>\n","protected":false},"excerpt":{"rendered":"<p>&#8220;Desde el gobierno de Axel Kicillof nos esforzamos d\u00eda a d\u00eda por proteger a las jubiladas y jubilados, quienes han trabajado incansablemente, atravesando todo tipo de adversidades, para construir este pa\u00eds. Mientras el gobierno nacional de Milei avanza con ajustes que afectan a los sectores m\u00e1s vulnerables, la provincia defiende sus derechos con pol\u00edticas concretas. [&hellip;]<\/p>\n","protected":false},"author":1,"featured_media":4742,"comment_status":"open","ping_status":"open","sticky":false,"template":"","format":"standard","meta":{"footnotes":""},"categories":[20],"tags":[],"class_list":{"0":"post-4741","1":"post","2":"type-post","3":"status-publish","4":"format-standard","5":"has-post-thumbnail","7":"category-provincia"},"_links":{"self":[{"href":"https:\/\/provinciadigital.com.ar\/index.php?rest_route=\/wp\/v2\/posts\/4741","targetHints":{"allow":["GET"]}}],"collection":[{"href":"https:\/\/provinciadigital.com.ar\/index.php?rest_route=\/wp\/v2\/posts"}],"about":[{"href":"https:\/\/provinciadigital.com.ar\/index.php?rest_route=\/wp\/v2\/types\/post"}],"author":[{"embeddable":true,"href":"https:\/\/provinciadigital.com.ar\/index.php?rest_route=\/wp\/v2\/users\/1"}],"replies":[{"embeddable":true,"href":"https:\/\/provinciadigital.com.ar\/index.php?rest_route=%2Fwp%2Fv2%2Fcomments&post=4741"}],"version-history":[{"count":1,"href":"https:\/\/provinciadigital.com.ar\/index.php?rest_route=\/wp\/v2\/posts\/4741\/revisions"}],"predecessor-version":[{"id":4743,"href":"https:\/\/provinciadigital.com.ar\/index.php?rest_route=\/wp\/v2\/posts\/4741\/revisions\/4743"}],"wp:featuredmedia":[{"embeddable":true,"href":"https:\/\/provinciadigital.com.ar\/index.php?rest_route=\/wp\/v2\/media\/4742"}],"wp:attachment":[{"href":"https:\/\/provinciadigital.com.ar\/index.php?rest_route=%2Fwp%2Fv2%2Fmedia&parent=4741"}],"wp:term":[{"taxonomy":"category","embeddable":true,"href":"https:\/\/provinciadigital.com.ar\/index.php?rest_route=%2Fwp%2Fv2%2Fcategories&post=4741"},{"taxonomy":"post_tag","embeddable":true,"href":"https:\/\/provinciadigital.com.ar\/index.php?rest_route=%2Fwp%2Fv2%2Ftags&post=4741"}],"curies":[{"name":"wp","href":"https:\/\/api.w.org\/{rel}","templated":true}]}}