{"id":4744,"date":"2024-09-24T13:13:35","date_gmt":"2024-09-24T13:13:35","guid":{"rendered":"https:\/\/provinciadigital.com.ar\/?p=4744"},"modified":"2024-09-24T13:13:36","modified_gmt":"2024-09-24T13:13:36","slug":"kicillof-podemos-perder-una-inversion-muy-importante-para-la-argentina","status":"publish","type":"post","link":"https:\/\/provinciadigital.com.ar\/?p=4744","title":{"rendered":"Kicillof: &#8220;Podemos perder una inversi\u00f3n muy importante para la Argentina&#8221;"},"content":{"rendered":"\n<p>En ese marco, Kicillof destac\u00f3: &#8220;Desde que recuperamos YPF sabemos que nuestro pa\u00eds cuenta con una de las mayores reservas de gas no convencional del mundo y que, adem\u00e1s de abastecer a las familias argentinas y a la industria nacional, \u00edbamos a necesitar licuar el excedente para poder exportarlo&#8221;.<\/p>\n\n\n\n<p>&#8220;No es que faltaba el RIGI, al rev\u00e9s, no hac\u00eda falta. Petronas estaba decidida a realizar esa inversi\u00f3n que iba a generar mucho trabajo en nuestro pa\u00eds e iba a posibilitar aumentar las exportaciones: hab\u00eda incluso destinado recursos para hacer an\u00e1lisis en Bah\u00eda Blanca hasta que luego se decidi\u00f3 el traslado a otra provincia por un capricho del Presidente&#8221;, se\u00f1al\u00f3 el Gobernador.<\/p>\n\n\n\n<p>En ese sentido, remarc\u00f3: &#8220;Estamos ante una situaci\u00f3n muy seria, en la que podemos perder una posibilidad muy importante para la Argentina: necesitamos que el presidente de la Naci\u00f3n deje de lado las chicanas y trabaje para que esa inversi\u00f3n, que estaba confirmada y hoy est\u00e1 en riesgo, finalmente se concrete&#8221;.<\/p>\n\n\n\n<p>&#8220;Representamos a una provincia que est\u00e1 bajo ataque y por ello dedicamos todo nuestro tiempo a cuidar a los y las bonaerenses porque para eso nos eligieron: vamos a proteger a nuestro pueblo de las pol\u00edticas de un Gobierno nacional que no cree en la producci\u00f3n&#8221;, concluy\u00f3 Kicillof.<\/p>\n\n\n\n<p>Los anuncios<\/p>\n\n\n\n<p>Durante la conferencia, Bianco destac\u00f3 los 74 convenios firmados con municipios y universidades en el marco del 2\u00b0 Encuentro del Programa Puentes que se celebr\u00f3 el viernes pasado en Mar del Plata: totalizan una inversi\u00f3n de $5.340 millones y contemplan carreras en 66 distritos del interior, mejoras de centros universitarios y adquisici\u00f3n de equipamiento. Adem\u00e1s, anunci\u00f3 la firma de un acuerdo con la Universidad Nacional de Quilmes para la producci\u00f3n y distribuci\u00f3n de alimentos en barrios populares junto al Organismo Provincial de Integraci\u00f3n Social y Urbana.<\/p>\n\n\n\n<p>&#8220;Ante el ajuste y deserci\u00f3n del Estado nacional, la provincia de Buenos Aires se est\u00e1 haciendo cargo de pol\u00edticas como el financiamiento a las universidades y la producci\u00f3n de alimentos para barrios populares. Esa es la instrucci\u00f3n de nuestro Gobernador y vamos a seguir por ese camino&#8221;, sostuvo Bianco.<\/p>\n\n\n\n<p>Por su parte, Alonso brind\u00f3 detalles de operativos que permitieron desarticular al casino clandestino Bet 61 y avanzar en la investigaci\u00f3n de los responsables de ataques a unidades b\u00e1sicas y dirigentes comunitarios en Bah\u00eda Blanca. Asimismo, subray\u00f3 la colaboraci\u00f3n con C\u00f3rdoba para combatir los incendios que afectan a esa provincia: &#8220;Enviamos dos helic\u00f3pteros, seis veh\u00edculos para apoyar la log\u00edstica en tierra y bomberos que ya est\u00e1n trabajando en las zonas m\u00e1s afectadas bajo la coordinaci\u00f3n del comando unificado de la provincia de C\u00f3rdoba&#8221;.<\/p>\n\n\n\n<p>Se anunci\u00f3 tambi\u00e9n que la Provincia se har\u00e1 cargo de la reactivaci\u00f3n de obras paralizadas por el Gobierno nacional: en una primera etapa incluye 86 centros de desarrollo infantil, 38 obras de infraestructura universitaria y m\u00e1s de 200 de agua y saneamiento. &#8220;Sabemos que la obra p\u00fablica no fue, no es ni ser\u00e1 una prioridad del Gobierno nacional. Por eso proyectamos casi triplicar nuestro presupuesto para seguir trabajando en mejorar la vida de los y las bonaerenses en un contexto muy dif\u00edcil&#8221;, sostuvo Katopodis.<\/p>\n\n\n\n<p>Por \u00faltimo, Larroque inform\u00f3 que a partir de octubre habr\u00e1 un incremento del 20% en las becas de Hogares y Casas de Abrigo, y Territoriales. &#8220;Ante una tragedia social que no tiene precedentes, la Provincia contin\u00faa haciendo un gran esfuerzo para acompa\u00f1ar a los sectores que m\u00e1s nos necesitan&#8221;, remarc\u00f3 el ministro.<\/p>\n\n\n\n<p>Estuvieron presentes la directora ejecutiva del OPISU, Romina Barrios; el subsecretario de Coordinaci\u00f3n Institucional para la Seguridad, Eduardo Aparicio; y el director provincial de Vinculaci\u00f3n con el Sistema Universitario y Cient\u00edfico, Juan Brardinelli.<\/p>\n","protected":false},"excerpt":{"rendered":"<p>En ese marco, Kicillof destac\u00f3: &#8220;Desde que recuperamos YPF sabemos que nuestro pa\u00eds cuenta con una de las mayores reservas de gas no convencional del mundo y que, adem\u00e1s de abastecer a las familias argentinas y a la industria nacional, \u00edbamos a necesitar licuar el excedente para poder exportarlo&#8221;. &#8220;No es que faltaba el RIGI, [&hellip;]<\/p>\n","protected":false},"author":1,"featured_media":4745,"comment_status":"open","ping_status":"open","sticky":false,"template":"","format":"standard","meta":{"footnotes":""},"categories":[20],"tags":[],"class_list":{"0":"post-4744","1":"post","2":"type-post","3":"status-publish","4":"format-standard","5":"has-post-thumbnail","7":"category-provincia"},"_links":{"self":[{"href":"https:\/\/provinciadigital.com.ar\/index.php?rest_route=\/wp\/v2\/posts\/4744","targetHints":{"allow":["GET"]}}],"collection":[{"href":"https:\/\/provinciadigital.com.ar\/index.php?rest_route=\/wp\/v2\/posts"}],"about":[{"href":"https:\/\/provinciadigital.com.ar\/index.php?rest_route=\/wp\/v2\/types\/post"}],"author":[{"embeddable":true,"href":"https:\/\/provinciadigital.com.ar\/index.php?rest_route=\/wp\/v2\/users\/1"}],"replies":[{"embeddable":true,"href":"https:\/\/provinciadigital.com.ar\/index.php?rest_route=%2Fwp%2Fv2%2Fcomments&post=4744"}],"version-history":[{"count":1,"href":"https:\/\/provinciadigital.com.ar\/index.php?rest_route=\/wp\/v2\/posts\/4744\/revisions"}],"predecessor-version":[{"id":4746,"href":"https:\/\/provinciadigital.com.ar\/index.php?rest_route=\/wp\/v2\/posts\/4744\/revisions\/4746"}],"wp:featuredmedia":[{"embeddable":true,"href":"https:\/\/provinciadigital.com.ar\/index.php?rest_route=\/wp\/v2\/media\/4745"}],"wp:attachment":[{"href":"https:\/\/provinciadigital.com.ar\/index.php?rest_route=%2Fwp%2Fv2%2Fmedia&parent=4744"}],"wp:term":[{"taxonomy":"category","embeddable":true,"href":"https:\/\/provinciadigital.com.ar\/index.php?rest_route=%2Fwp%2Fv2%2Fcategories&post=4744"},{"taxonomy":"post_tag","embeddable":true,"href":"https:\/\/provinciadigital.com.ar\/index.php?rest_route=%2Fwp%2Fv2%2Ftags&post=4744"}],"curies":[{"name":"wp","href":"https:\/\/api.w.org\/{rel}","templated":true}]}}