{"id":4747,"date":"2024-09-25T12:46:28","date_gmt":"2024-09-25T12:46:28","guid":{"rendered":"https:\/\/provinciadigital.com.ar\/?p=4747"},"modified":"2024-09-25T12:46:29","modified_gmt":"2024-09-25T12:46:29","slug":"bajo-la-tematica-de-urbanismo-julio-zamora-encabezo-en-tigre-un-nuevo-encuentro-del-ciclo-de-charlas-ciudades-futuras","status":"publish","type":"post","link":"https:\/\/provinciadigital.com.ar\/?p=4747","title":{"rendered":"Bajo la tem\u00e1tica de urbanismo, Julio Zamora encabez\u00f3 en Tigre un nuevo encuentro del ciclo de charlas Ciudades Futuras"},"content":{"rendered":"\n<p>En el Museo de Arte Tigre (MAT), el intendente Julio Zamora particip\u00f3 del segundo de los cuatro encuentros del ciclo de charlas Ciudades Futuras. Con el Urbanismo como eje, la nueva jornada -organizada por el Municipio- cont\u00f3 con la presencia de disertantes del \u00e1rea pol\u00edtica y el sector privado; como as\u00ed tambi\u00e9n el acompa\u00f1amiento de autoridades del Gobierno local, dirigentes pol\u00edticos bonaerenses y representantes educativos.<\/p>\n\n\n\n<p>&#8220;Fue una visita muy interesante por parte de los disertantes que nos transmitieron sus experiencias. Aparte de la exposici\u00f3n, la calidad de los participantes es muy importante. Mediante estos encuentros aspiramos a tener el dise\u00f1o de la que denominamos la \u00b4Tercera Transformaci\u00f3n de Tigre\u00b4, con la necesidad de adaptarnos y de generar una nueva normativa que contemple el crecimiento del distrito&#8221;, destac\u00f3 Zamora.<\/p>\n\n\n\n<p>Y agreg\u00f3: &#8220;La articulaci\u00f3n p\u00fablico-privada es el elemento central de distintas pol\u00edticas que lleva adelante el Municipio, como el desarrollo urbano, lo social y el empleo, cuestiones que no se logran solas. El sector privado no puede hacer todo solo y el Gobierno local tampoco. Esa sinergia es la que nos permite seguir gestionando nuestra ciudad&#8221;.<\/p>\n","protected":false},"excerpt":{"rendered":"<p>En el Museo de Arte Tigre (MAT), el intendente Julio Zamora particip\u00f3 del segundo de los cuatro encuentros del ciclo de charlas Ciudades Futuras. Con el Urbanismo como eje, la nueva jornada -organizada por el Municipio- cont\u00f3 con la presencia de disertantes del \u00e1rea pol\u00edtica y el sector privado; como as\u00ed tambi\u00e9n el acompa\u00f1amiento de [&hellip;]<\/p>\n","protected":false},"author":1,"featured_media":4748,"comment_status":"open","ping_status":"open","sticky":false,"template":"","format":"standard","meta":{"footnotes":""},"categories":[115],"tags":[],"class_list":{"0":"post-4747","1":"post","2":"type-post","3":"status-publish","4":"format-standard","5":"has-post-thumbnail","7":"category-tigre"},"_links":{"self":[{"href":"https:\/\/provinciadigital.com.ar\/index.php?rest_route=\/wp\/v2\/posts\/4747","targetHints":{"allow":["GET"]}}],"collection":[{"href":"https:\/\/provinciadigital.com.ar\/index.php?rest_route=\/wp\/v2\/posts"}],"about":[{"href":"https:\/\/provinciadigital.com.ar\/index.php?rest_route=\/wp\/v2\/types\/post"}],"author":[{"embeddable":true,"href":"https:\/\/provinciadigital.com.ar\/index.php?rest_route=\/wp\/v2\/users\/1"}],"replies":[{"embeddable":true,"href":"https:\/\/provinciadigital.com.ar\/index.php?rest_route=%2Fwp%2Fv2%2Fcomments&post=4747"}],"version-history":[{"count":1,"href":"https:\/\/provinciadigital.com.ar\/index.php?rest_route=\/wp\/v2\/posts\/4747\/revisions"}],"predecessor-version":[{"id":4749,"href":"https:\/\/provinciadigital.com.ar\/index.php?rest_route=\/wp\/v2\/posts\/4747\/revisions\/4749"}],"wp:featuredmedia":[{"embeddable":true,"href":"https:\/\/provinciadigital.com.ar\/index.php?rest_route=\/wp\/v2\/media\/4748"}],"wp:attachment":[{"href":"https:\/\/provinciadigital.com.ar\/index.php?rest_route=%2Fwp%2Fv2%2Fmedia&parent=4747"}],"wp:term":[{"taxonomy":"category","embeddable":true,"href":"https:\/\/provinciadigital.com.ar\/index.php?rest_route=%2Fwp%2Fv2%2Fcategories&post=4747"},{"taxonomy":"post_tag","embeddable":true,"href":"https:\/\/provinciadigital.com.ar\/index.php?rest_route=%2Fwp%2Fv2%2Ftags&post=4747"}],"curies":[{"name":"wp","href":"https:\/\/api.w.org\/{rel}","templated":true}]}}