{"id":4762,"date":"2024-10-01T12:37:43","date_gmt":"2024-10-01T12:37:43","guid":{"rendered":"https:\/\/provinciadigital.com.ar\/?p=4762"},"modified":"2024-10-01T12:37:44","modified_gmt":"2024-10-01T12:37:44","slug":"jorge-macri-dio-marcha-atras-con-el-cobro-de-ingresos-brutos-a-los-profesionales-en-2025","status":"publish","type":"post","link":"https:\/\/provinciadigital.com.ar\/?p=4762","title":{"rendered":"Jorge Macri dio marcha atr\u00e1s con el cobro de Ingresos Brutos a los profesionales en 2025"},"content":{"rendered":"\n<p>El jefe de Gobierno porte\u00f1o, Jorge Macri, dio este lunes marcha atr\u00e1s con la decisi\u00f3n de eliminar la exenci\u00f3n al impuesto a los Ingreso Brutos para los profesionales en 2025 y remarc\u00f3 que &#8220;en ning\u00fan momento&#8221; consider\u00f3 esa opci\u00f3n.<\/p>\n\n\n\n<p>La medida hab\u00eda trascendido que se iba a tomar en el marco del proyecto de Presupuesto 2025 que fue enviado a la Legislatura.<\/p>\n\n\n\n<p>Sin embargo, Macri aclar\u00f3 que no ser\u00e1 as\u00ed al indicar que &#8220;no se cobrar\u00e1 Ingresos Brutos a los profesionales&#8221;.<\/p>\n\n\n\n<p>&#8220;Quiero ser muy claro en esto: en ning\u00fan momento consider\u00e9 como una opci\u00f3n para el a\u00f1o pr\u00f3ximo eliminar la exenci\u00f3n de ingresos brutos a profesionales&#8221;, afirm\u00f3 el jefe de Gobierno porte\u00f1o en su cuenta de X.<\/p>\n\n\n\n<p>Macri aclar\u00f3 que &#8220;la informaci\u00f3n que estuvo circulando se desprende de un borrador de trabajo que present\u00f3 como propuesta la AGIP, en base a un criterio de equidad tributaria, pero con la que no se avanz\u00f3 ni fue presentado en la Legislatura&#8221;.<\/p>\n\n\n\n<p>&#8220;En este contexto de crisis, no cobrar ingresos brutos a profesionales es una decisi\u00f3n no solo econ\u00f3mica sino tambi\u00e9n pol\u00edtica&#8221;, se\u00f1al\u00f3 el titular del Ejecutivo porte\u00f1o.<\/p>\n\n\n\n<p>EN LA CIUDAD NO VAMOS A COBRAR INGRESOS BRUTOS A PROFESIONALES Quiero ser muy claro en esto: en ning\u00fan momento consider\u00e9 como una opci\u00f3n para el a\u00f1o pr\u00f3ximo eliminar la exenci\u00f3n de ingresos brutos a profesionales. La informaci\u00f3n que estuvo circulando se desprende de un borrador de trabajo que nos present\u00f3 como propuesta la AGIP, en base a un criterio de equidad tributaria, pero con la que no se avanz\u00f3 ni fue presentado en la Legislatura. En este contexto de crisis, no cobrar ingresos brutos a profesionales es una decisi\u00f3n no solo econ\u00f3mica sino tambi\u00e9n pol\u00edtica<\/p>\n","protected":false},"excerpt":{"rendered":"<p>El jefe de Gobierno porte\u00f1o, Jorge Macri, dio este lunes marcha atr\u00e1s con la decisi\u00f3n de eliminar la exenci\u00f3n al impuesto a los Ingreso Brutos para los profesionales en 2025 y remarc\u00f3 que &#8220;en ning\u00fan momento&#8221; consider\u00f3 esa opci\u00f3n. La medida hab\u00eda trascendido que se iba a tomar en el marco del proyecto de Presupuesto [&hellip;]<\/p>\n","protected":false},"author":1,"featured_media":4763,"comment_status":"open","ping_status":"open","sticky":false,"template":"","format":"standard","meta":{"footnotes":""},"categories":[131],"tags":[],"class_list":{"0":"post-4762","1":"post","2":"type-post","3":"status-publish","4":"format-standard","5":"has-post-thumbnail","7":"category-caba"},"_links":{"self":[{"href":"https:\/\/provinciadigital.com.ar\/index.php?rest_route=\/wp\/v2\/posts\/4762","targetHints":{"allow":["GET"]}}],"collection":[{"href":"https:\/\/provinciadigital.com.ar\/index.php?rest_route=\/wp\/v2\/posts"}],"about":[{"href":"https:\/\/provinciadigital.com.ar\/index.php?rest_route=\/wp\/v2\/types\/post"}],"author":[{"embeddable":true,"href":"https:\/\/provinciadigital.com.ar\/index.php?rest_route=\/wp\/v2\/users\/1"}],"replies":[{"embeddable":true,"href":"https:\/\/provinciadigital.com.ar\/index.php?rest_route=%2Fwp%2Fv2%2Fcomments&post=4762"}],"version-history":[{"count":1,"href":"https:\/\/provinciadigital.com.ar\/index.php?rest_route=\/wp\/v2\/posts\/4762\/revisions"}],"predecessor-version":[{"id":4764,"href":"https:\/\/provinciadigital.com.ar\/index.php?rest_route=\/wp\/v2\/posts\/4762\/revisions\/4764"}],"wp:featuredmedia":[{"embeddable":true,"href":"https:\/\/provinciadigital.com.ar\/index.php?rest_route=\/wp\/v2\/media\/4763"}],"wp:attachment":[{"href":"https:\/\/provinciadigital.com.ar\/index.php?rest_route=%2Fwp%2Fv2%2Fmedia&parent=4762"}],"wp:term":[{"taxonomy":"category","embeddable":true,"href":"https:\/\/provinciadigital.com.ar\/index.php?rest_route=%2Fwp%2Fv2%2Fcategories&post=4762"},{"taxonomy":"post_tag","embeddable":true,"href":"https:\/\/provinciadigital.com.ar\/index.php?rest_route=%2Fwp%2Fv2%2Ftags&post=4762"}],"curies":[{"name":"wp","href":"https:\/\/api.w.org\/{rel}","templated":true}]}}