{"id":4765,"date":"2024-10-03T11:45:35","date_gmt":"2024-10-03T11:45:35","guid":{"rendered":"https:\/\/provinciadigital.com.ar\/?p=4765"},"modified":"2024-10-03T11:45:36","modified_gmt":"2024-10-03T11:45:36","slug":"milei-veto-la-ley-de-financiamiento-universitario-tras-la-masiva-marcha-al-congreso","status":"publish","type":"post","link":"https:\/\/provinciadigital.com.ar\/?p=4765","title":{"rendered":"Milei vet\u00f3 la Ley de Financiamiento Universitario tras la masiva marcha al Congreso"},"content":{"rendered":"\n<p><strong>Horas despu\u00e9s de la masiva marcha llevada a cabo este mi\u00e9rcoles en el Congreso en apoyo a la Universidad P\u00fablica, el presidente Javier Milei ratific\u00f3 el veto a la Ley de Financiamiento Universitario.<\/strong>\u00a0Qued\u00f3 oficializado este jueves a primera hora en el Bolet\u00edn Oficial.<\/p>\n\n\n\n<p>El mandatario advirti\u00f3 que har\u00e1 lo mismo con &#8220;cualquier otro proyecto que no contemple una partida presupuestaria espec\u00edfica y atente contra el equilibrio fiscal&#8221;.<\/p>\n\n\n\n<p>&#8220;La Oficina del Presidente informa que el Presidente Javier Milei vetar\u00e1 el irresponsable proyecto de aumento del gasto p\u00fablico de las Universidades Nacionales, aprobado por el Congreso, as\u00ed como cualquier otro proyecto que no contemple una partida presupuestaria especifica y atente contra el equilibrio fiscal&#8221;, arranc\u00f3 el comunicado que difundi\u00f3 el Gobierno por medio de sus redes sociales el mi\u00e9rcoles.<\/p>\n\n\n\n<p>Asimismo, a\u00f1adi\u00f3: &#8220;Es momento de que los legisladores entiendan que ya no pueden hacer populismo demag\u00f3gico con los recursos de quienes pagan los impuestos, y comiencen a actuar con la responsabilidad que demanda este momento hist\u00f3rico. El lugar adecuado para discutir el financiamiento de las universidades es el debate del Presupuesto Nacional 2025&#8221;.<\/p>\n\n\n\n<p>&#8220;El Gobierno reafirma su compromiso con las Universidades Nacionales, al igual que con la defensa del esfuerzo que cada uno de los argentinos viene realizando desde diciembre para alcanzar el d\u00e9ficit cero, reducir la inflaci\u00f3n y recuperar la prosperidad econ\u00f3mica&#8221;, indic\u00f3 el texto de la Oficina del Presidente en X.<\/p>\n\n\n\n<p>La Casa Rosada hab\u00eda manifestado que la postura respecto a la ley que buscaba asegurar pisos m\u00ednimos de financiamiento de la educaci\u00f3n p\u00fablica superior tendr\u00eda la misma determinaci\u00f3n que la adoptada con el proyecto que buscaba aumentar las jubilaciones: ser vetada.<\/p>\n\n\n\n<p>De todas maneras, el Gobierno iba a analizar los efectos generados por la masiva marcha al Congreso que involucr\u00f3 a diferentes integrantes de la sociedad, incluso a muchos de los votantes de Milei.<\/p>\n\n\n\n<p>La Casa Rosada le atribuy\u00f3 motivaciones pol\u00edticas, al remarcar la participaci\u00f3n de los dirigentes de la oposici\u00f3n.<\/p>\n\n\n\n<p>&#8220;El Poder Ejecutivo celebra el sinceramiento de los dirigentes Cristina Kirchner, Sergio Massa, Mart\u00edn Lousteau, Horacio Rodr\u00edguez Larreta y Elisa Carri\u00f3, quienes han decidido unirse p\u00fablicamente con el objetivo de obstruir el plan econ\u00f3mico del Presidente. Esta convergencia deja de manifiesto la consolidaci\u00f3n de un nuevo frente de izquierda populista en defensa de los privilegios de la dirigencia pol\u00edtica&#8221;, precis\u00f3.<\/p>\n\n\n\n<p>Por \u00faltimo, se\u00f1al\u00f3: &#8220;Esta administraci\u00f3n no ceder\u00e1 ante el espect\u00e1culo medi\u00e1tico, los proyectos de ley irresponsables, ni la manipulaci\u00f3n de causas nobles con fines partidarios. El objetivo del Gobierno es claro: terminar con el modelo empobrecedor de los \u00faltimos 100 a\u00f1os y volver a hacer a la Argentina grande otra vez&#8221;.<\/p>\n","protected":false},"excerpt":{"rendered":"<p>Horas despu\u00e9s de la masiva marcha llevada a cabo este mi\u00e9rcoles en el Congreso en apoyo a la Universidad P\u00fablica, el presidente Javier Milei ratific\u00f3 el veto a la Ley de Financiamiento Universitario.\u00a0Qued\u00f3 oficializado este jueves a primera hora en el Bolet\u00edn Oficial. El mandatario advirti\u00f3 que har\u00e1 lo mismo con &#8220;cualquier otro proyecto que [&hellip;]<\/p>\n","protected":false},"author":1,"featured_media":4766,"comment_status":"open","ping_status":"open","sticky":false,"template":"","format":"standard","meta":{"footnotes":""},"categories":[129],"tags":[],"class_list":{"0":"post-4765","1":"post","2":"type-post","3":"status-publish","4":"format-standard","5":"has-post-thumbnail","7":"category-nacionales"},"_links":{"self":[{"href":"https:\/\/provinciadigital.com.ar\/index.php?rest_route=\/wp\/v2\/posts\/4765","targetHints":{"allow":["GET"]}}],"collection":[{"href":"https:\/\/provinciadigital.com.ar\/index.php?rest_route=\/wp\/v2\/posts"}],"about":[{"href":"https:\/\/provinciadigital.com.ar\/index.php?rest_route=\/wp\/v2\/types\/post"}],"author":[{"embeddable":true,"href":"https:\/\/provinciadigital.com.ar\/index.php?rest_route=\/wp\/v2\/users\/1"}],"replies":[{"embeddable":true,"href":"https:\/\/provinciadigital.com.ar\/index.php?rest_route=%2Fwp%2Fv2%2Fcomments&post=4765"}],"version-history":[{"count":1,"href":"https:\/\/provinciadigital.com.ar\/index.php?rest_route=\/wp\/v2\/posts\/4765\/revisions"}],"predecessor-version":[{"id":4767,"href":"https:\/\/provinciadigital.com.ar\/index.php?rest_route=\/wp\/v2\/posts\/4765\/revisions\/4767"}],"wp:featuredmedia":[{"embeddable":true,"href":"https:\/\/provinciadigital.com.ar\/index.php?rest_route=\/wp\/v2\/media\/4766"}],"wp:attachment":[{"href":"https:\/\/provinciadigital.com.ar\/index.php?rest_route=%2Fwp%2Fv2%2Fmedia&parent=4765"}],"wp:term":[{"taxonomy":"category","embeddable":true,"href":"https:\/\/provinciadigital.com.ar\/index.php?rest_route=%2Fwp%2Fv2%2Fcategories&post=4765"},{"taxonomy":"post_tag","embeddable":true,"href":"https:\/\/provinciadigital.com.ar\/index.php?rest_route=%2Fwp%2Fv2%2Ftags&post=4765"}],"curies":[{"name":"wp","href":"https:\/\/api.w.org\/{rel}","templated":true}]}}