{"id":4774,"date":"2024-10-07T12:55:29","date_gmt":"2024-10-07T12:55:29","guid":{"rendered":"https:\/\/provinciadigital.com.ar\/?p=4774"},"modified":"2024-10-07T12:55:30","modified_gmt":"2024-10-07T12:55:30","slug":"german-martinez-aseguro-que-estan-los-votos-para-rechazar-el-veto-presidencial-a-la-ley-de-financiamiento-universitario","status":"publish","type":"post","link":"https:\/\/provinciadigital.com.ar\/?p=4774","title":{"rendered":"Germ\u00e1n Mart\u00ednez asegur\u00f3 que est\u00e1n los votos para rechazar el veto presidencial a la Ley de Financiamiento Universitario"},"content":{"rendered":"\n<p>El jefe de bloque de Uni\u00f3n por la Patria en la C\u00e1mara de Diputados, Germ\u00e1n Mart\u00ednez, apunt\u00f3 contra algunos sectores de la oposici\u00f3n dialoguista a los que critic\u00f3 por su &#8220;falta de coherencia absoluta&#8221;, y asegur\u00f3 que -al momento- est\u00e1n los votos necesarios para rechazar el veto de la Ley de Financiamiento Universitario.<\/p>\n\n\n\n<p>&#8220;Hay una mayor\u00eda en el Congreso que est\u00e1 dispuesto a rechazar el veto, pero hay que ver si llegamos a los dos tercios. Para eso se necesita una cantidad de diputados importantes, arriba de los 160&#8221;, sostuvo en una entrevista a Splendid &#8211; 990.<\/p>\n\n\n\n<p>En la misma l\u00ednea, cuestion\u00f3 a los distintos espacios opositores por sus cambios en las votaciones motivados por las negociaciones con el oficialismo: &#8220;Nuestro bloque va a rechazar el veto, despu\u00e9s hay otros bloques que van y que vienen&#8221;.<\/p>\n\n\n\n<p>&#8220;Cuando fue la cuesti\u00f3n de las jubilaciones hubo diputados radicales que cambiaron el voto, del PRO que votaron distinto a los senadores. Algunos de algunas provincias, de Innovaci\u00f3n Federal, que hab\u00edan votado a favor y despu\u00e9s se abstuvieron. Lo que se ve es una falta de coherencia absoluta en muchos espacios pol\u00edticos y eso no le hace bien a la representaci\u00f3n pol\u00edtica&#8221;, defini\u00f3 el legislador.<\/p>\n\n\n\n<p>Asimismo, Mart\u00ednez remarc\u00f3: &#8220;Si cada uno fuera coherente con lo que plante\u00f3 la ciudadan\u00eda a buscar el veto, el rechazo al veto deber\u00eda estar garantizado&#8221;.<\/p>\n\n\n\n<p>Por su parte, cuestion\u00f3 adem\u00e1s el discurso del presidente Javier Milei al que le atribuy\u00f3 el uso de insultos, agravios y descalificaciones, y subray\u00f3 que el Gobierno &#8220;no est\u00e1 percibiendo que en la sociedad est\u00e1 habiendo un creciente hast\u00edo con esa forma de comunicaci\u00f3n&#8221;. &#8220;Los argentinos no sienten que los problemas de la vida cotidiana se resuelven insultando al otro sino gestionando&#8221;, plante\u00f3.<\/p>\n\n\n\n<p>&#8220;Lo que hace Milei es hablarle a un circulo cada vez m\u00e1s chico de argentinos, tratando de que ese sector est\u00e9 claramente influenciado con los insultos para que no se vaya para otro lado&#8221;, afirm\u00f3, y agreg\u00f3: &#8220;Que se siga sintiendo identificado con el liderazgo. Mientras tanto los problemas se agravan. Si uno le saca la espuma, la gesti\u00f3n es absolutamente deficitaria para el pueblo argentino&#8221;<\/p>\n\n\n\n<p>Por \u00faltimo, el diputado opin\u00f3 sobre el operativo clamor de La C\u00e1mpora para que sea la expresidenta Cristina Kirchner la que conduzca el Partido Justicialista, al plantear que &#8220;el peronismo va a terminar acordando una lista de nuevas autoridades&#8221;.<\/p>\n\n\n\n<p>&#8220;El problema no es cuando tenes m\u00e1s de un candidato sino cuando no tenes a nadie&#8221;, sostuvo, y concluy\u00f3: &#8220;En t\u00e9rminos de peso pol\u00edtico, Cristina Kirchner es la m\u00e1s importante, pero tenemos gobernadores muy calificados, Ricardo Quintela es uno de ellos. Mi llamado es que podamos acordar de la mejor manera posible un esquema de representaci\u00f3n&#8221;.<\/p>\n","protected":false},"excerpt":{"rendered":"<p>El jefe de bloque de Uni\u00f3n por la Patria en la C\u00e1mara de Diputados, Germ\u00e1n Mart\u00ednez, apunt\u00f3 contra algunos sectores de la oposici\u00f3n dialoguista a los que critic\u00f3 por su &#8220;falta de coherencia absoluta&#8221;, y asegur\u00f3 que -al momento- est\u00e1n los votos necesarios para rechazar el veto de la Ley de Financiamiento Universitario. &#8220;Hay una [&hellip;]<\/p>\n","protected":false},"author":1,"featured_media":4775,"comment_status":"open","ping_status":"open","sticky":false,"template":"","format":"standard","meta":{"footnotes":""},"categories":[129],"tags":[],"class_list":{"0":"post-4774","1":"post","2":"type-post","3":"status-publish","4":"format-standard","5":"has-post-thumbnail","7":"category-nacionales"},"_links":{"self":[{"href":"https:\/\/provinciadigital.com.ar\/index.php?rest_route=\/wp\/v2\/posts\/4774","targetHints":{"allow":["GET"]}}],"collection":[{"href":"https:\/\/provinciadigital.com.ar\/index.php?rest_route=\/wp\/v2\/posts"}],"about":[{"href":"https:\/\/provinciadigital.com.ar\/index.php?rest_route=\/wp\/v2\/types\/post"}],"author":[{"embeddable":true,"href":"https:\/\/provinciadigital.com.ar\/index.php?rest_route=\/wp\/v2\/users\/1"}],"replies":[{"embeddable":true,"href":"https:\/\/provinciadigital.com.ar\/index.php?rest_route=%2Fwp%2Fv2%2Fcomments&post=4774"}],"version-history":[{"count":1,"href":"https:\/\/provinciadigital.com.ar\/index.php?rest_route=\/wp\/v2\/posts\/4774\/revisions"}],"predecessor-version":[{"id":4776,"href":"https:\/\/provinciadigital.com.ar\/index.php?rest_route=\/wp\/v2\/posts\/4774\/revisions\/4776"}],"wp:featuredmedia":[{"embeddable":true,"href":"https:\/\/provinciadigital.com.ar\/index.php?rest_route=\/wp\/v2\/media\/4775"}],"wp:attachment":[{"href":"https:\/\/provinciadigital.com.ar\/index.php?rest_route=%2Fwp%2Fv2%2Fmedia&parent=4774"}],"wp:term":[{"taxonomy":"category","embeddable":true,"href":"https:\/\/provinciadigital.com.ar\/index.php?rest_route=%2Fwp%2Fv2%2Fcategories&post=4774"},{"taxonomy":"post_tag","embeddable":true,"href":"https:\/\/provinciadigital.com.ar\/index.php?rest_route=%2Fwp%2Fv2%2Ftags&post=4774"}],"curies":[{"name":"wp","href":"https:\/\/api.w.org\/{rel}","templated":true}]}}