{"id":4786,"date":"2024-10-10T11:54:19","date_gmt":"2024-10-10T11:54:19","guid":{"rendered":"https:\/\/provinciadigital.com.ar\/?p=4786"},"modified":"2024-10-10T11:54:20","modified_gmt":"2024-10-10T11:54:20","slug":"docentes-y-no-docentes-universitarios-paran-este-jueves-tras-la-ratificacion-del-veto-a-la-ley-de-financiamiento-del-sector","status":"publish","type":"post","link":"https:\/\/provinciadigital.com.ar\/?p=4786","title":{"rendered":"Docentes y no docentes universitarios paran este jueves tras la ratificaci\u00f3n del veto a la ley de Financiamiento del sector"},"content":{"rendered":"\n<p>Docentes y no docentes universitarios lanzaron hoy un &#8220;paro total&#8221; para ma\u00f1ana tras la ratificaci\u00f3n legislativa del veto del presidente Javier Milei a la ley de Financiamiento del sector y repudiaron a los diputados que votaron &#8220;contra del mandato popular de defender&#8221; las casas de altos estudios.<\/p>\n\n\n\n<p>&#8220;La UBA est\u00e1 de luto&#8221;, manifest\u00f3 la Asociaci\u00f3n del Personal de la UBA (APUBA) en redes sociales, al anunciar su participaci\u00f3n en la medida de fuerza de ma\u00f1ana.<\/p>\n\n\n\n<p>Desde ese sindicato sostuvieron que los legisladores que votaron a favor del Gobierno &#8220;desoyeron una vez m\u00e1s el mandato popular&#8221;.<\/p>\n\n\n\n<p>&#8220;En una bochornosa jornada, pusieron en juego el futuro de todo un pa\u00eds&#8221;, advirtieron desde el gremio.<\/p>\n\n\n\n<p>Asimismo, se\u00f1alaron que el &#8220;escandaloso resultado en la C\u00e1mara de Diputados amenaza destruir la Universidad P\u00fablica&#8221;.<\/p>\n\n\n\n<p>Por su parte, el Frente Sindical de Universidades Nacionales repudi\u00f3 este mi\u00e9rcoles a los diputados que votaron a favor del veto presidencial a la Ley de Financiamiento de las casas de altos estudios.<\/p>\n\n\n\n<p>&#8220;Repudiamos a las y los diputados que votaron en contra del mandato popular de defender la universidad&#8221;, expresaron desde el frente que agrupa a los sindicatos docentes de las facultades p\u00fablicas en un comunicado.<\/p>\n\n\n\n<p>El frente gremial convoc\u00f3 a &#8220;un paro total el d\u00eda jueves 10&#8221; y a &#8220;consolidar el plan de lucha en defensa del salario y el presupuesto universitario&#8221;.<\/p>\n\n\n\n<p>&#8220;La voluntad popular ha sido defraudada y la democracia ha cedido al manejo antirrepublicano de gobernar por decreto del Gobierno nacional&#8221;, enfatiz\u00f3 el sector.<\/p>\n\n\n\n<p>El documento lleva la firma de Federaci\u00f3n Nacional de Docentes Universitarios (CONADU), Federaci\u00f3n Nacional de Docentes Universitarios (FEDUN), CERA, Asociaci\u00f3n Gremial de Docentes de la UTN (FAGDUT) y Uni\u00f3n Docentes Argentinos (UDA).<\/p>\n\n\n\n<p>La medida de fuerza que decidieron los sindicatos docentes y no docentes es en respuesta a la decisi\u00f3n de la C\u00e1mara Baja de dejar firme el veto presidencial a la norma que incrementaba el presupuesto universitario.<\/p>\n\n\n\n<p>Al igual que los sindicatos, el Consejo Interuniversitario Nacional (CIN) tambi\u00e9n &#8220;repudi\u00f3&#8221; la postura de legisladores nacionales que &#8220;le dieron la espalda a nuestras universidades p\u00fablicas al apoyar su desfinanciamiento&#8221;.<\/p>\n\n\n\n<p>&#8220;Este reclamo es genuino y as\u00ed lo manifest\u00f3 la sociedad en su conjunto en las marchas federales del 23 de abril y del 2 de octubre&#8221;, expresaron desde el organismo en un comunicado.<\/p>\n\n\n\n<p>Las autoridades universitarias agrupadas en el CIN sostuvieron adem\u00e1s que en la actualidad &#8220;el sistema universitario p\u00fablico tiene el 70 % de los salarios docentes y no docentes por debajo de la l\u00ednea de la pobreza&#8221; y que &#8220;las partidas asignadas ni siquiera son suficientes para el mantenimiento m\u00ednimo de la infraestructura y est\u00e1n paralizadas las obras&#8221;.<\/p>\n\n\n\n<p>&#8220;Nada de eso les import\u00f3. Privilegiaron su metro cuadrado, sus argumentos peque\u00f1os, su mirada corta y su visi\u00f3n ego\u00edsta&#8221;, criticaron desde la entidad con relaci\u00f3n a los diputados que acompa\u00f1aron el veto de Milei.<\/p>\n\n\n\n<p>De esta manera, en la jornada de ma\u00f1ana no habr\u00e1 clases en la mayor\u00eda de las universidades p\u00fablicas nacionales y los gremios amenazan con la continuidad de las acciones de protesta ante el recorte de recursos que, seg\u00fan denunciaron, se hizo extensivo al proyecto de Presupuesto 2025.&nbsp;<\/p>\n","protected":false},"excerpt":{"rendered":"<p>Docentes y no docentes universitarios lanzaron hoy un &#8220;paro total&#8221; para ma\u00f1ana tras la ratificaci\u00f3n legislativa del veto del presidente Javier Milei a la ley de Financiamiento del sector y repudiaron a los diputados que votaron &#8220;contra del mandato popular de defender&#8221; las casas de altos estudios. &#8220;La UBA est\u00e1 de luto&#8221;, manifest\u00f3 la Asociaci\u00f3n [&hellip;]<\/p>\n","protected":false},"author":1,"featured_media":4787,"comment_status":"open","ping_status":"open","sticky":false,"template":"","format":"standard","meta":{"footnotes":""},"categories":[129],"tags":[],"class_list":{"0":"post-4786","1":"post","2":"type-post","3":"status-publish","4":"format-standard","5":"has-post-thumbnail","7":"category-nacionales"},"_links":{"self":[{"href":"https:\/\/provinciadigital.com.ar\/index.php?rest_route=\/wp\/v2\/posts\/4786","targetHints":{"allow":["GET"]}}],"collection":[{"href":"https:\/\/provinciadigital.com.ar\/index.php?rest_route=\/wp\/v2\/posts"}],"about":[{"href":"https:\/\/provinciadigital.com.ar\/index.php?rest_route=\/wp\/v2\/types\/post"}],"author":[{"embeddable":true,"href":"https:\/\/provinciadigital.com.ar\/index.php?rest_route=\/wp\/v2\/users\/1"}],"replies":[{"embeddable":true,"href":"https:\/\/provinciadigital.com.ar\/index.php?rest_route=%2Fwp%2Fv2%2Fcomments&post=4786"}],"version-history":[{"count":1,"href":"https:\/\/provinciadigital.com.ar\/index.php?rest_route=\/wp\/v2\/posts\/4786\/revisions"}],"predecessor-version":[{"id":4788,"href":"https:\/\/provinciadigital.com.ar\/index.php?rest_route=\/wp\/v2\/posts\/4786\/revisions\/4788"}],"wp:featuredmedia":[{"embeddable":true,"href":"https:\/\/provinciadigital.com.ar\/index.php?rest_route=\/wp\/v2\/media\/4787"}],"wp:attachment":[{"href":"https:\/\/provinciadigital.com.ar\/index.php?rest_route=%2Fwp%2Fv2%2Fmedia&parent=4786"}],"wp:term":[{"taxonomy":"category","embeddable":true,"href":"https:\/\/provinciadigital.com.ar\/index.php?rest_route=%2Fwp%2Fv2%2Fcategories&post=4786"},{"taxonomy":"post_tag","embeddable":true,"href":"https:\/\/provinciadigital.com.ar\/index.php?rest_route=%2Fwp%2Fv2%2Ftags&post=4786"}],"curies":[{"name":"wp","href":"https:\/\/api.w.org\/{rel}","templated":true}]}}