{"id":4789,"date":"2024-10-14T13:50:57","date_gmt":"2024-10-14T13:50:57","guid":{"rendered":"https:\/\/provinciadigital.com.ar\/?p=4789"},"modified":"2024-10-14T13:50:59","modified_gmt":"2024-10-14T13:50:59","slug":"fin-de-semana-largo-se-movilizaron-14-millones-de-turistas-y-gastaron-228-479-millones","status":"publish","type":"post","link":"https:\/\/provinciadigital.com.ar\/?p=4789","title":{"rendered":"Fin de semana largo: se movilizaron 1,4 millones de turistas y gastaron $228.479 millones"},"content":{"rendered":"\n<p>Los turistas desembolsaron, en promedio, $67.518 diarios cada uno, y la estad\u00eda media fue de 2,4 d\u00edas. El reporte puntualiz\u00f3 que &#8220;el visitante este a\u00f1o fue mucho m\u00e1s austero, not\u00e1ndose el menor poder adquisitivo&#8221;, detallando que &#8220;viaj\u00f3, pero prioriz\u00f3 las actividades gratuitas y redujo su demanda gastron\u00f3mica&#8221;, por lo que &#8220;fue com\u00fan ver ciudades con ocupaci\u00f3n hotelera en niveles muy altos y a la vez, confiter\u00edas y restaurantes semivac\u00edos&#8221;.<\/p>\n\n\n\n<p>Con respecto al mismo fin de semana del a\u00f1o pasado, el informe precis\u00f3 que viajaron 7,1% menos de personas y el impacto econ\u00f3mico tuvo una baja real de 33,3%. Al respecto, desde CAME indicaron que &#8220;esto se explica porque el feriado 2023 fue de cuatro d\u00edas, y el tipo de cambio en aquel momento volv\u00eda a Argentina m\u00e1s conveniente para el visitante internacional&#8221;.<\/p>\n\n\n\n<p>Al mismo tiempo, sostuvieron que &#8220;este a\u00f1o, la ausencia del programa Previaje fue compensada por el incremento en la oferta de torneos deportivos, culturales y un potente calendario de encuentros&#8221; y destacaron que &#8220;el tiempo fue mayormente bueno, combinando sol con nubes y temperaturas primaverales que alentaron a recorrer playas, termas, monta\u00f1as, y paseos&#8221;.<\/p>\n\n\n\n<p>Entre las ciudades m\u00e1s concurridas estuvieron: Mar del Plata, Caril\u00f3, Mar de las Pampas, Sierra de la Ventana, Villa General Belgrano, Esteros del Iber\u00e1, San Rafael, Salta, Bariloche, Puerto Madryn, El Calafate, Puerto Iguaz\u00fa y Federaci\u00f3n.<\/p>\n\n\n\n<p>En lo que va del a\u00f1o ya se cuentan cinco fines de semana largos, donde viajaron 9,8 millones de turistas y gastaron $1,6 billones, de acuerdo a las estad\u00edsticas de la entidad gremial-empresaria.<\/p>\n\n\n\n<p>Desde el Gobierno destacaron que se produjo un importante movimiento tur\u00edstico en uno de los \u00faltimas oportunidades para aprovechar un feriado en combinaci\u00f3n con un fin de semana y tomarse un descanso antes de fin de a\u00f1o.<\/p>\n\n\n\n<p>Al respecto, el secretario de Turismo y Deportes, Daniel Scioli, se expres\u00f3 en su cuenta de X remarcando que hubo &#8220;m\u00e1s de un 70% de ocupaci\u00f3n promedio en todas las regiones de Argentina&#8221;, se\u00f1alando que &#8220;miles de turistas se movilizaron hacia la Costa Atl\u00e1ntica, Entre R\u00edos y Santa Fe en autom\u00f3vil y las dem\u00e1s provincias tuvieron un alto promedio de reservas y turistas en medio de eventos y festividades del fin de semana&#8221;<\/p>\n","protected":false},"excerpt":{"rendered":"<p>Los turistas desembolsaron, en promedio, $67.518 diarios cada uno, y la estad\u00eda media fue de 2,4 d\u00edas. El reporte puntualiz\u00f3 que &#8220;el visitante este a\u00f1o fue mucho m\u00e1s austero, not\u00e1ndose el menor poder adquisitivo&#8221;, detallando que &#8220;viaj\u00f3, pero prioriz\u00f3 las actividades gratuitas y redujo su demanda gastron\u00f3mica&#8221;, por lo que &#8220;fue com\u00fan ver ciudades con [&hellip;]<\/p>\n","protected":false},"author":1,"featured_media":4790,"comment_status":"open","ping_status":"open","sticky":false,"template":"","format":"standard","meta":{"footnotes":""},"categories":[129],"tags":[],"class_list":{"0":"post-4789","1":"post","2":"type-post","3":"status-publish","4":"format-standard","5":"has-post-thumbnail","7":"category-nacionales"},"_links":{"self":[{"href":"https:\/\/provinciadigital.com.ar\/index.php?rest_route=\/wp\/v2\/posts\/4789","targetHints":{"allow":["GET"]}}],"collection":[{"href":"https:\/\/provinciadigital.com.ar\/index.php?rest_route=\/wp\/v2\/posts"}],"about":[{"href":"https:\/\/provinciadigital.com.ar\/index.php?rest_route=\/wp\/v2\/types\/post"}],"author":[{"embeddable":true,"href":"https:\/\/provinciadigital.com.ar\/index.php?rest_route=\/wp\/v2\/users\/1"}],"replies":[{"embeddable":true,"href":"https:\/\/provinciadigital.com.ar\/index.php?rest_route=%2Fwp%2Fv2%2Fcomments&post=4789"}],"version-history":[{"count":1,"href":"https:\/\/provinciadigital.com.ar\/index.php?rest_route=\/wp\/v2\/posts\/4789\/revisions"}],"predecessor-version":[{"id":4791,"href":"https:\/\/provinciadigital.com.ar\/index.php?rest_route=\/wp\/v2\/posts\/4789\/revisions\/4791"}],"wp:featuredmedia":[{"embeddable":true,"href":"https:\/\/provinciadigital.com.ar\/index.php?rest_route=\/wp\/v2\/media\/4790"}],"wp:attachment":[{"href":"https:\/\/provinciadigital.com.ar\/index.php?rest_route=%2Fwp%2Fv2%2Fmedia&parent=4789"}],"wp:term":[{"taxonomy":"category","embeddable":true,"href":"https:\/\/provinciadigital.com.ar\/index.php?rest_route=%2Fwp%2Fv2%2Fcategories&post=4789"},{"taxonomy":"post_tag","embeddable":true,"href":"https:\/\/provinciadigital.com.ar\/index.php?rest_route=%2Fwp%2Fv2%2Ftags&post=4789"}],"curies":[{"name":"wp","href":"https:\/\/api.w.org\/{rel}","templated":true}]}}