{"id":4801,"date":"2024-10-18T13:03:03","date_gmt":"2024-10-18T13:03:03","guid":{"rendered":"https:\/\/provinciadigital.com.ar\/?p=4801"},"modified":"2024-10-18T13:03:05","modified_gmt":"2024-10-18T13:03:05","slug":"seguridad-en-el-subte-la-policia-de-la-ciudad-de-buenos-aires-usara-pistolas-taser","status":"publish","type":"post","link":"https:\/\/provinciadigital.com.ar\/?p=4801","title":{"rendered":"Seguridad en el subte: la polic\u00eda de la Ciudad de Buenos Aires usar\u00e1 pistolas Taser"},"content":{"rendered":"\n<p>&#8220;Asumimos el compromiso de ir haciendo un despliegue de mayor presencia de armas Taser, que son de baja letalidad, y el subte es un lugar muy concurrido para usar esta tecnolog\u00eda&#8221;, dijo el Jefe de Gobierno, Jorge Macri, que recorri\u00f3 la L\u00ednea H junto al Ministro de Seguridad, Waldo Wolff.<\/p>\n\n\n\n<p>Macri agreg\u00f3: &#8220;El subte es un lugar cerrado y si hay un delincuente es muy dif\u00edcil para el polic\u00eda utilizar un arma de fuego. La Taser nos permite actuar de manera eficaz, r\u00e1pida, reducir al delincuente, sin poner en riesgo la vida ni del polic\u00eda ni de ninguno de los vecinos que est\u00e9 utilizando el subte&#8221;.<\/p>\n\n\n\n<p>Las Taser son Dispositivos Electr\u00f3nicos de Inmovilizaci\u00f3n Moment\u00e1nea y evitan que los oficiales recurran al uso de armas de fuego en espacios altamente concurridos. Se trata de un programa que comienza en las estaciones con mayor tr\u00e1fico y en las cabeceras de cada l\u00ednea, para ir increment\u00e1ndose de forma gradual hasta fin de a\u00f1o. Las Taser se usan en m\u00e1s de 107 pa\u00edses, como Estados Unidos, Alemania, Italia, Espa\u00f1a, Francia, Reino Unido y Brasil.<\/p>\n\n\n\n<p>El Jefe de Gobierno, Jorge Macri, asegur\u00f3: &#8220;Este es un paso m\u00e1s para darle seguridad y orden a esta Ciudad, cuid\u00e1ndolos a todos. En principio se va a usar en las estaciones de mayor movimiento, pero esto va a ser din\u00e1mico. Siempre vamos a estar en una actitud preventiva, atentos al mapa del delito, y siendo proactivos&#8221;.<\/p>\n\n\n\n<p>Los polic\u00edas porte\u00f1os cuentan con 90 pistolas Taser que ya se est\u00e1n usando en las calles y para fin de a\u00f1o est\u00e1 previsto comprar otras 100. Un total de 235 efectivos est\u00e1n capacitados en el Instituto Superior de Seguridad P\u00fablica para usarlas.<\/p>\n\n\n\n<p>Las nuevas Taser son parte del plan de seguridad del gobierno de Jorge Macri para cuidar a los porte\u00f1os y proteger a los polic\u00edas. Adem\u00e1s, en septiembre la Polic\u00eda porte\u00f1a sum\u00f3 500 pistolas Byrna, tambi\u00e9n armas de baja letalidad. A diferencia de las Taser el\u00e9ctricas, las Byrna funcionan con aire comprimido, permiten desactivar una amenaza a 20 metros de distancia y son recomendadas para neutralizar agresiones callejeras, como paso previo al uso de un arma de fuego. Ya hay 385 efectivos listos para usarlas.<\/p>\n","protected":false},"excerpt":{"rendered":"<p>&#8220;Asumimos el compromiso de ir haciendo un despliegue de mayor presencia de armas Taser, que son de baja letalidad, y el subte es un lugar muy concurrido para usar esta tecnolog\u00eda&#8221;, dijo el Jefe de Gobierno, Jorge Macri, que recorri\u00f3 la L\u00ednea H junto al Ministro de Seguridad, Waldo Wolff. Macri agreg\u00f3: &#8220;El subte es [&hellip;]<\/p>\n","protected":false},"author":1,"featured_media":4802,"comment_status":"open","ping_status":"open","sticky":false,"template":"","format":"standard","meta":{"footnotes":""},"categories":[131],"tags":[],"class_list":{"0":"post-4801","1":"post","2":"type-post","3":"status-publish","4":"format-standard","5":"has-post-thumbnail","7":"category-caba"},"_links":{"self":[{"href":"https:\/\/provinciadigital.com.ar\/index.php?rest_route=\/wp\/v2\/posts\/4801","targetHints":{"allow":["GET"]}}],"collection":[{"href":"https:\/\/provinciadigital.com.ar\/index.php?rest_route=\/wp\/v2\/posts"}],"about":[{"href":"https:\/\/provinciadigital.com.ar\/index.php?rest_route=\/wp\/v2\/types\/post"}],"author":[{"embeddable":true,"href":"https:\/\/provinciadigital.com.ar\/index.php?rest_route=\/wp\/v2\/users\/1"}],"replies":[{"embeddable":true,"href":"https:\/\/provinciadigital.com.ar\/index.php?rest_route=%2Fwp%2Fv2%2Fcomments&post=4801"}],"version-history":[{"count":1,"href":"https:\/\/provinciadigital.com.ar\/index.php?rest_route=\/wp\/v2\/posts\/4801\/revisions"}],"predecessor-version":[{"id":4803,"href":"https:\/\/provinciadigital.com.ar\/index.php?rest_route=\/wp\/v2\/posts\/4801\/revisions\/4803"}],"wp:featuredmedia":[{"embeddable":true,"href":"https:\/\/provinciadigital.com.ar\/index.php?rest_route=\/wp\/v2\/media\/4802"}],"wp:attachment":[{"href":"https:\/\/provinciadigital.com.ar\/index.php?rest_route=%2Fwp%2Fv2%2Fmedia&parent=4801"}],"wp:term":[{"taxonomy":"category","embeddable":true,"href":"https:\/\/provinciadigital.com.ar\/index.php?rest_route=%2Fwp%2Fv2%2Fcategories&post=4801"},{"taxonomy":"post_tag","embeddable":true,"href":"https:\/\/provinciadigital.com.ar\/index.php?rest_route=%2Fwp%2Fv2%2Ftags&post=4801"}],"curies":[{"name":"wp","href":"https:\/\/api.w.org\/{rel}","templated":true}]}}