{"id":4804,"date":"2024-10-18T13:04:40","date_gmt":"2024-10-18T13:04:40","guid":{"rendered":"https:\/\/provinciadigital.com.ar\/?p=4804"},"modified":"2024-10-18T13:04:41","modified_gmt":"2024-10-18T13:04:41","slug":"kicillof-la-unica-pelea-que-me-interesa-es-contra-las-politicas-de-milei","status":"publish","type":"post","link":"https:\/\/provinciadigital.com.ar\/?p=4804","title":{"rendered":"Kicillof: &#8220;La \u00fanica pelea que me interesa es contra las pol\u00edticas de Milei&#8221;"},"content":{"rendered":"\n<p>&#8220;No me interesa disputar ninguna interna, quiero colaborar en la construcci\u00f3n de una alternativa superadora: la \u00fanica pelea en la que estoy interesado es contra las pol\u00edticas de Javier Milei&#8221;, afirm\u00f3 este jueves el gobernador Axel Kicillof al encabezar el acto por el D\u00eda de la Lealtad Peronista bajo el lema &#8220;Lealtad al Pueblo. La Patria no se vende&#8221;. Fue en el municipio de Berisso, kil\u00f3metro cero del peronismo, junto a la vicegobernadora Ver\u00f3nica Magario; el intendente local, Fabi\u00e1n Cagliardi, y m\u00e1s de 50 mil personas.<\/p>\n\n\n\n<p>En ese marco, Kicillof subray\u00f3: &#8220;El pueblo est\u00e1 sufriendo y la patria est\u00e1 en peligro, por eso hay que estar con los brazos abiertos y atentos para escuchar a todos los que est\u00e1n siendo da\u00f1ados: los universitarios, los trabajadores y trabajadoras y los peque\u00f1os y medianos empresarios&#8221;. &#8220;Seamos modestos y dediquemos toda nuestra atenci\u00f3n a entender y representar al pueblo con generosidad: nunca me van a ver buscando divisiones, eso es lo que quiere la derecha&#8221;, agreg\u00f3.<\/p>\n\n\n\n<p>&#8220;El peronismo sufri\u00f3 una gran derrota y est\u00e1 en un momento de reflexi\u00f3n. No dramaticemos: como dijo Cristina en su \u00faltimo documento, ac\u00e1 no sobra nadie&#8221;, expres\u00f3 el Gobernador y subray\u00f3: &#8220;Mi opini\u00f3n sobre las cosas que se estuvieron discutiendo en los \u00faltimos d\u00edas es sencilla: unidad&#8221;.<\/p>\n\n\n\n<p>En ese sentido, el mandatario bonaerense remarc\u00f3: &#8220;Durante los 50 a\u00f1os que siguieron a la muerte de Per\u00f3n, el movimiento tuvo p\u00e1ginas m\u00e1s felices y otras no tanto: pero en el siglo XXI fueron N\u00e9stor y Cristina los que le devolvieron al peronismo la fuerza transformadora&#8221;. &#8220;Lo hicieron d\u00e1ndole protagonismo a las masas populares, llevando en alto nuestros principios y demostrando que si la libertad avanza es solo de la mano de la igualdad y de la justicia social: sino, solo avanza la libertad de los ricos y de los privilegiados&#8221;, explic\u00f3.<\/p>\n","protected":false},"excerpt":{"rendered":"<p>&#8220;No me interesa disputar ninguna interna, quiero colaborar en la construcci\u00f3n de una alternativa superadora: la \u00fanica pelea en la que estoy interesado es contra las pol\u00edticas de Javier Milei&#8221;, afirm\u00f3 este jueves el gobernador Axel Kicillof al encabezar el acto por el D\u00eda de la Lealtad Peronista bajo el lema &#8220;Lealtad al Pueblo. La [&hellip;]<\/p>\n","protected":false},"author":1,"featured_media":4805,"comment_status":"open","ping_status":"open","sticky":false,"template":"","format":"standard","meta":{"footnotes":""},"categories":[20],"tags":[],"class_list":{"0":"post-4804","1":"post","2":"type-post","3":"status-publish","4":"format-standard","5":"has-post-thumbnail","7":"category-provincia"},"_links":{"self":[{"href":"https:\/\/provinciadigital.com.ar\/index.php?rest_route=\/wp\/v2\/posts\/4804","targetHints":{"allow":["GET"]}}],"collection":[{"href":"https:\/\/provinciadigital.com.ar\/index.php?rest_route=\/wp\/v2\/posts"}],"about":[{"href":"https:\/\/provinciadigital.com.ar\/index.php?rest_route=\/wp\/v2\/types\/post"}],"author":[{"embeddable":true,"href":"https:\/\/provinciadigital.com.ar\/index.php?rest_route=\/wp\/v2\/users\/1"}],"replies":[{"embeddable":true,"href":"https:\/\/provinciadigital.com.ar\/index.php?rest_route=%2Fwp%2Fv2%2Fcomments&post=4804"}],"version-history":[{"count":1,"href":"https:\/\/provinciadigital.com.ar\/index.php?rest_route=\/wp\/v2\/posts\/4804\/revisions"}],"predecessor-version":[{"id":4806,"href":"https:\/\/provinciadigital.com.ar\/index.php?rest_route=\/wp\/v2\/posts\/4804\/revisions\/4806"}],"wp:featuredmedia":[{"embeddable":true,"href":"https:\/\/provinciadigital.com.ar\/index.php?rest_route=\/wp\/v2\/media\/4805"}],"wp:attachment":[{"href":"https:\/\/provinciadigital.com.ar\/index.php?rest_route=%2Fwp%2Fv2%2Fmedia&parent=4804"}],"wp:term":[{"taxonomy":"category","embeddable":true,"href":"https:\/\/provinciadigital.com.ar\/index.php?rest_route=%2Fwp%2Fv2%2Fcategories&post=4804"},{"taxonomy":"post_tag","embeddable":true,"href":"https:\/\/provinciadigital.com.ar\/index.php?rest_route=%2Fwp%2Fv2%2Ftags&post=4804"}],"curies":[{"name":"wp","href":"https:\/\/api.w.org\/{rel}","templated":true}]}}