{"id":4808,"date":"2024-10-18T13:06:42","date_gmt":"2024-10-18T13:06:42","guid":{"rendered":"https:\/\/provinciadigital.com.ar\/?p=4808"},"modified":"2024-10-18T13:06:45","modified_gmt":"2024-10-18T13:06:45","slug":"julio-zamora-inauguro-la-plaza-deportiva-carlos-reimers-en-benavidez-el-espacio-publico-n-96-renovado-por-el-municipio-de-tigre","status":"publish","type":"post","link":"https:\/\/provinciadigital.com.ar\/?p=4808","title":{"rendered":"Julio Zamora inaugur\u00f3 la Plaza Deportiva &#8220;Carlos Reimers&#8221; en Benav\u00eddez, el espacio p\u00fablico N\u00b0 96 renovado por el Municipio de Tigre"},"content":{"rendered":"\n<p>El intendente de Tigre, Julio Zamora, encabez\u00f3 el acto de inauguraci\u00f3n de la Plaza Deportiva &#8220;Carlos Reimers&#8221;, ubicada en la Avenida Benav\u00eddez y la calle Ecuador, en localidad de Benav\u00eddez. Se trata del espacio p\u00fablico N\u00b096 renovado por el Municipio, que cuenta con sectores aer\u00f3bicos, calistenia, mobiliario urbano, parquizaci\u00f3n e iluminaci\u00f3n LED.<\/p>\n\n\n\n<p>&#8220;Estamos muy contentos de estar llegando al espacio 100, es gratificante para la comunidad y para nosotros como gesti\u00f3n municipal haber inaugurado 96 lugares p\u00fablicos de estas caracter\u00edsticas. Tiene el nombre de un vecino reconocido como Carlos Reimers. Junto a su familia lo conmemoramos a trav\u00e9s de un homenaje&#8221;, expres\u00f3 el jefe comunal.<\/p>\n\n\n\n<p>Luego, a\u00f1adi\u00f3: &#8220;Hay que seguir trabajando en el Tigre que queremos con una comunidad integrada, con espacios p\u00fablicos como este que sirvan de lugar de encuentro para los vecinos. Esta pol\u00edtica la implementamos en todos los rincones del distrito&#8221;.<\/p>\n\n\n\n<p>El encuentro se realiz\u00f3 durante la tarde, con la presencia de la comunidad, familiares de Carlos Reimers y autoridades locales. El intendente junto a vecinos y vecinas realizaron el tradicional corte de cinta, dando por inaugurado el espacio p\u00fablico. Acto seguido, se descubri\u00f3 una placa conmemorativa y se plant\u00f3 un Lapacho como s\u00edmbolo del crecimiento de la ciudad.<\/p>\n","protected":false},"excerpt":{"rendered":"<p>El intendente de Tigre, Julio Zamora, encabez\u00f3 el acto de inauguraci\u00f3n de la Plaza Deportiva &#8220;Carlos Reimers&#8221;, ubicada en la Avenida Benav\u00eddez y la calle Ecuador, en localidad de Benav\u00eddez. Se trata del espacio p\u00fablico N\u00b096 renovado por el Municipio, que cuenta con sectores aer\u00f3bicos, calistenia, mobiliario urbano, parquizaci\u00f3n e iluminaci\u00f3n LED. &#8220;Estamos muy contentos [&hellip;]<\/p>\n","protected":false},"author":1,"featured_media":4809,"comment_status":"open","ping_status":"open","sticky":false,"template":"","format":"standard","meta":{"footnotes":""},"categories":[115],"tags":[],"class_list":{"0":"post-4808","1":"post","2":"type-post","3":"status-publish","4":"format-standard","5":"has-post-thumbnail","7":"category-tigre"},"_links":{"self":[{"href":"https:\/\/provinciadigital.com.ar\/index.php?rest_route=\/wp\/v2\/posts\/4808","targetHints":{"allow":["GET"]}}],"collection":[{"href":"https:\/\/provinciadigital.com.ar\/index.php?rest_route=\/wp\/v2\/posts"}],"about":[{"href":"https:\/\/provinciadigital.com.ar\/index.php?rest_route=\/wp\/v2\/types\/post"}],"author":[{"embeddable":true,"href":"https:\/\/provinciadigital.com.ar\/index.php?rest_route=\/wp\/v2\/users\/1"}],"replies":[{"embeddable":true,"href":"https:\/\/provinciadigital.com.ar\/index.php?rest_route=%2Fwp%2Fv2%2Fcomments&post=4808"}],"version-history":[{"count":1,"href":"https:\/\/provinciadigital.com.ar\/index.php?rest_route=\/wp\/v2\/posts\/4808\/revisions"}],"predecessor-version":[{"id":4810,"href":"https:\/\/provinciadigital.com.ar\/index.php?rest_route=\/wp\/v2\/posts\/4808\/revisions\/4810"}],"wp:featuredmedia":[{"embeddable":true,"href":"https:\/\/provinciadigital.com.ar\/index.php?rest_route=\/wp\/v2\/media\/4809"}],"wp:attachment":[{"href":"https:\/\/provinciadigital.com.ar\/index.php?rest_route=%2Fwp%2Fv2%2Fmedia&parent=4808"}],"wp:term":[{"taxonomy":"category","embeddable":true,"href":"https:\/\/provinciadigital.com.ar\/index.php?rest_route=%2Fwp%2Fv2%2Fcategories&post=4808"},{"taxonomy":"post_tag","embeddable":true,"href":"https:\/\/provinciadigital.com.ar\/index.php?rest_route=%2Fwp%2Fv2%2Ftags&post=4808"}],"curies":[{"name":"wp","href":"https:\/\/api.w.org\/{rel}","templated":true}]}}