{"id":481,"date":"2018-03-09T19:59:51","date_gmt":"2018-03-09T19:59:51","guid":{"rendered":"http:\/\/provinciadigital.com.ar\/?p=481"},"modified":"2018-03-09T19:59:51","modified_gmt":"2018-03-09T19:59:51","slug":"matias-fernandez-no-es-para-preocuparse-hay-revancha-en-un-mes","status":"publish","type":"post","link":"https:\/\/provinciadigital.com.ar\/?p=481","title":{"rendered":"MATIAS FERN\u00c1NDEZ: \u201cNO ES  PARA PREOCUPARSE, HAY REVANCHA EN  UN MES\u201d"},"content":{"rendered":"<p>\u201cYa lo hab\u00eda\u00a0 noqueado en\u00a0 otro\u00a0 encuentro\u00a0 anterior\u201d se\u00f1ala\u00a0 nuestro\u00a0 campe\u00f3n Mat\u00edas Fern\u00e1ndez y agrega que \u201crecib\u00ed cuatro patadas consecutivas y antirreglamentarias en la rodilla izquierda provocando la decisi\u00f3n\u00a0 m\u00e9dica de no continuar\u00a0 el\u00a0 combate\u201d.<\/p>\n<p>Trat\u00e1ndose de kick boxing, son faltas al reglamento que\u00a0 podr\u00edan\u00a0 descalificar a quien\u00a0 las\u00a0 comete\u00a0 por ser\u00a0\u00a0 conductas\u00a0 antideportivas y si\u00a0 bien los jueces decidieron\u00a0 restar puntos como\u00a0 sanci\u00f3n a su\u00a0 rival, la lesi\u00f3n ya recibida defini\u00f3 que los profesionales de la salud desaconsejaran continuar el\u00a0 encuentro.<\/p>\n<p>\u201cNo es\u00a0 para preocuparse,\u00a0 en\u00a0 solo un\u00a0 mes\u00a0 habr\u00e1 revancha\u201d concluy\u00f3 Fern\u00e1ndez quien ya se encuentra entrenando en el \u201cDojo Sempat Rinc\u00f3n\u201d, como siempre a la espera de un nuevo combate.<\/p>\n<p>Desde Rinc\u00f3n Digital, el diario de los vecinos de Rinc\u00f3n de Milberg como es habitual seguiremos a cada uno de los deportistas locales que son nuestros embajadores.<\/p>\n","protected":false},"excerpt":{"rendered":"<p>\u201cYa lo hab\u00eda\u00a0 noqueado en\u00a0 otro\u00a0 encuentro\u00a0 anterior\u201d se\u00f1ala\u00a0 nuestro\u00a0 campe\u00f3n Mat\u00edas Fern\u00e1ndez y agrega que \u201crecib\u00ed cuatro patadas consecutivas y antirreglamentarias en la rodilla izquierda provocando la decisi\u00f3n\u00a0 m\u00e9dica de no continuar\u00a0 el\u00a0 combate\u201d. Trat\u00e1ndose de kick boxing, son faltas al reglamento que\u00a0 podr\u00edan\u00a0 descalificar a quien\u00a0 las\u00a0 comete\u00a0 por ser\u00a0\u00a0 conductas\u00a0 antideportivas y [&hellip;]<\/p>\n","protected":false},"author":1,"featured_media":482,"comment_status":"open","ping_status":"open","sticky":false,"template":"","format":"standard","meta":{"footnotes":""},"categories":[12],"tags":[],"class_list":{"0":"post-481","1":"post","2":"type-post","3":"status-publish","4":"format-standard","5":"has-post-thumbnail","7":"category-rincon-digital"},"_links":{"self":[{"href":"https:\/\/provinciadigital.com.ar\/index.php?rest_route=\/wp\/v2\/posts\/481","targetHints":{"allow":["GET"]}}],"collection":[{"href":"https:\/\/provinciadigital.com.ar\/index.php?rest_route=\/wp\/v2\/posts"}],"about":[{"href":"https:\/\/provinciadigital.com.ar\/index.php?rest_route=\/wp\/v2\/types\/post"}],"author":[{"embeddable":true,"href":"https:\/\/provinciadigital.com.ar\/index.php?rest_route=\/wp\/v2\/users\/1"}],"replies":[{"embeddable":true,"href":"https:\/\/provinciadigital.com.ar\/index.php?rest_route=%2Fwp%2Fv2%2Fcomments&post=481"}],"version-history":[{"count":1,"href":"https:\/\/provinciadigital.com.ar\/index.php?rest_route=\/wp\/v2\/posts\/481\/revisions"}],"predecessor-version":[{"id":483,"href":"https:\/\/provinciadigital.com.ar\/index.php?rest_route=\/wp\/v2\/posts\/481\/revisions\/483"}],"wp:featuredmedia":[{"embeddable":true,"href":"https:\/\/provinciadigital.com.ar\/index.php?rest_route=\/wp\/v2\/media\/482"}],"wp:attachment":[{"href":"https:\/\/provinciadigital.com.ar\/index.php?rest_route=%2Fwp%2Fv2%2Fmedia&parent=481"}],"wp:term":[{"taxonomy":"category","embeddable":true,"href":"https:\/\/provinciadigital.com.ar\/index.php?rest_route=%2Fwp%2Fv2%2Fcategories&post=481"},{"taxonomy":"post_tag","embeddable":true,"href":"https:\/\/provinciadigital.com.ar\/index.php?rest_route=%2Fwp%2Fv2%2Ftags&post=481"}],"curies":[{"name":"wp","href":"https:\/\/api.w.org\/{rel}","templated":true}]}}