{"id":4811,"date":"2024-10-22T12:51:23","date_gmt":"2024-10-22T12:51:23","guid":{"rendered":"https:\/\/provinciadigital.com.ar\/?p=4811"},"modified":"2024-10-22T12:51:24","modified_gmt":"2024-10-22T12:51:24","slug":"san-isidro-firmo-un-convenio-con-la-fundacion-barcelo-para-el-fortalecimiento-de-la-investigacion-y-la-educacion-en-salud","status":"publish","type":"post","link":"https:\/\/provinciadigital.com.ar\/?p=4811","title":{"rendered":"San Isidro firm\u00f3 un convenio con la Fundaci\u00f3n Barcel\u00f3 para el fortalecimiento de la investigaci\u00f3n y la educaci\u00f3n en Salud"},"content":{"rendered":"\n<p>La Municipalidad de San Isidro y la Fundaci\u00f3n Barcel\u00f3 firmaron un convenio de colaboraci\u00f3n con el objetivo de afianzar los v\u00ednculos institucionales y desarrollar actividades conjuntas en beneficio de la comunidad. La fundaci\u00f3n es una instituci\u00f3n de educaci\u00f3n superior universitaria privada, integrante del Sistema Universitario Nacional y creada por la &#8220;Fundaci\u00f3n H\u00e9ctor Alejandro Barcel\u00f3 para el desarrollo de la Ciencia Biom\u00e9dica Argentina&#8221;, entidad sin fines de lucro.<\/p>\n\n\n\n<p>Este acuerdo busca iniciar un camino conjunto y colaborativo para abordar temas vinculados a salud comunitaria y prevenci\u00f3n de enfermedades; la investigaci\u00f3n en salud p\u00fablica y disciplinas asociadas a las Ciencias de la Salud. Asimismo, este convenio permitir\u00e1 pr\u00e1cticas profesionales supervisadas en los hospitales y centros de salud a los estudiantes de las distintas disciplinas impartidas en Fundaci\u00f3n Barcel\u00f3.<\/p>\n\n\n\n<p>&#8220;Queremos que nuestro sistema de salud municipal vuelva a ser un orgullo&#8221;, sostuvo, durante la firma del convenio, el intendente Ram\u00f3n Lan\u00fas qui\u00e9n adem\u00e1s destac\u00f3 la trayectoria de la Fundaci\u00f3n y el aporte profesional y t\u00e9cnico que va a brindar a los hospitales de San Isidro. De la firma, participaron: el Dr. \u00c1ngel Yebara, secretario de Salud; el rector de Fundaci\u00f3n Barcel\u00f3, Lic. Axel Barcel\u00f3; y la jefa de Asuntos Institucionales y Comunicaciones, Lic. Noelia Zamparutti.<\/p>\n\n\n\n<p>&#8220;Este convenio tiene como objetivo brindar a los estudiantes una formaci\u00f3n pr\u00e1ctica de alta calidad en un entorno real, donde podr\u00e1n aplicar sus conocimientos y desarrollar sus habilidades bajo la supervisi\u00f3n de profesionales del sistema de salud. Adem\u00e1s, ambas instituciones trabajar\u00e1n conjuntamente en el fortalecimiento de la docencia, la investigaci\u00f3n y la extensi\u00f3n acad\u00e9mica, promoviendo el intercambio de conocimiento y experiencias para el beneficio de la comunidad de San Isidro&#8221;, coment\u00f3 el rector Axel Barcel\u00f3.<\/p>\n","protected":false},"excerpt":{"rendered":"<p>La Municipalidad de San Isidro y la Fundaci\u00f3n Barcel\u00f3 firmaron un convenio de colaboraci\u00f3n con el objetivo de afianzar los v\u00ednculos institucionales y desarrollar actividades conjuntas en beneficio de la comunidad. La fundaci\u00f3n es una instituci\u00f3n de educaci\u00f3n superior universitaria privada, integrante del Sistema Universitario Nacional y creada por la &#8220;Fundaci\u00f3n H\u00e9ctor Alejandro Barcel\u00f3 para [&hellip;]<\/p>\n","protected":false},"author":1,"featured_media":4812,"comment_status":"open","ping_status":"open","sticky":false,"template":"","format":"standard","meta":{"footnotes":""},"categories":[117],"tags":[],"class_list":{"0":"post-4811","1":"post","2":"type-post","3":"status-publish","4":"format-standard","5":"has-post-thumbnail","7":"category-san-isidro"},"_links":{"self":[{"href":"https:\/\/provinciadigital.com.ar\/index.php?rest_route=\/wp\/v2\/posts\/4811","targetHints":{"allow":["GET"]}}],"collection":[{"href":"https:\/\/provinciadigital.com.ar\/index.php?rest_route=\/wp\/v2\/posts"}],"about":[{"href":"https:\/\/provinciadigital.com.ar\/index.php?rest_route=\/wp\/v2\/types\/post"}],"author":[{"embeddable":true,"href":"https:\/\/provinciadigital.com.ar\/index.php?rest_route=\/wp\/v2\/users\/1"}],"replies":[{"embeddable":true,"href":"https:\/\/provinciadigital.com.ar\/index.php?rest_route=%2Fwp%2Fv2%2Fcomments&post=4811"}],"version-history":[{"count":1,"href":"https:\/\/provinciadigital.com.ar\/index.php?rest_route=\/wp\/v2\/posts\/4811\/revisions"}],"predecessor-version":[{"id":4813,"href":"https:\/\/provinciadigital.com.ar\/index.php?rest_route=\/wp\/v2\/posts\/4811\/revisions\/4813"}],"wp:featuredmedia":[{"embeddable":true,"href":"https:\/\/provinciadigital.com.ar\/index.php?rest_route=\/wp\/v2\/media\/4812"}],"wp:attachment":[{"href":"https:\/\/provinciadigital.com.ar\/index.php?rest_route=%2Fwp%2Fv2%2Fmedia&parent=4811"}],"wp:term":[{"taxonomy":"category","embeddable":true,"href":"https:\/\/provinciadigital.com.ar\/index.php?rest_route=%2Fwp%2Fv2%2Fcategories&post=4811"},{"taxonomy":"post_tag","embeddable":true,"href":"https:\/\/provinciadigital.com.ar\/index.php?rest_route=%2Fwp%2Fv2%2Ftags&post=4811"}],"curies":[{"name":"wp","href":"https:\/\/api.w.org\/{rel}","templated":true}]}}