{"id":4814,"date":"2024-10-22T12:52:23","date_gmt":"2024-10-22T12:52:23","guid":{"rendered":"https:\/\/provinciadigital.com.ar\/?p=4814"},"modified":"2024-10-22T12:52:24","modified_gmt":"2024-10-22T12:52:24","slug":"el-gobierno-anuncio-la-disolucion-de-la-administracion-federal-de-ingresos-publicos-afip","status":"publish","type":"post","link":"https:\/\/provinciadigital.com.ar\/?p=4814","title":{"rendered":"El Gobierno anunci\u00f3 la disoluci\u00f3n de la Administraci\u00f3n Federal de Ingresos P\u00fablicos (AFIP)"},"content":{"rendered":"\n<p>El Gobierno anunci\u00f3 la disoluci\u00f3n de la Administraci\u00f3n Federal de Ingresos P\u00fablicos (AFIP) como parte de su plan de reducci\u00f3n del Estado y eliminaci\u00f3n de estructuras ineficientes. En su lugar, se crear\u00e1 la Agencia de Recaudaci\u00f3n y Control Aduanero (ARCA), un organismo con menos costos y burocracia.<\/p>\n\n\n\n<p>La medida implicar\u00e1 una reducci\u00f3n del 45% en las autoridades superiores y un 31% en los niveles inferiores, lo que supone una eliminaci\u00f3n del 34% de la estructura actual y un ahorro estimado de 6.400 millones de pesos al a\u00f1o.<\/p>\n\n\n\n<p>Adem\u00e1s, se proceder\u00e1 a la desvinculaci\u00f3n de 3.155 empleados que ingresaron de manera irregular durante el \u00faltimo gobierno kirchnerista, lo que representa el 15% del personal actual de la AFIP.<\/p>\n\n\n\n<p>La nueva ARCA tambi\u00e9n eliminar\u00e1 la Cuenta de Jerarquizaci\u00f3n para altos cargos, lo que reducir\u00e1 el salario de su titular a unos 4 millones de pesos, equipar\u00e1ndolo con el de un ministro. Los salarios de los directores de la Direcci\u00f3n General Impositiva (DGI) y la Direcci\u00f3n General de Aduanas (DGA) seguir\u00e1n el mismo esquema.<\/p>\n\n\n\n<p>La direcci\u00f3n de ARCA estar\u00e1 a cargo de Florencia Misrahi, acompa\u00f1ada por Andr\u00e9s Gerardo V\u00e1zquez en la DGI y Jos\u00e9 Andr\u00e9s Velis en la DGA, quienes liderar\u00e1n el proceso de reorganizaci\u00f3n y profesionalizaci\u00f3n del nuevo organismo. NA.<\/p>\n","protected":false},"excerpt":{"rendered":"<p>El Gobierno anunci\u00f3 la disoluci\u00f3n de la Administraci\u00f3n Federal de Ingresos P\u00fablicos (AFIP) como parte de su plan de reducci\u00f3n del Estado y eliminaci\u00f3n de estructuras ineficientes. En su lugar, se crear\u00e1 la Agencia de Recaudaci\u00f3n y Control Aduanero (ARCA), un organismo con menos costos y burocracia. La medida implicar\u00e1 una reducci\u00f3n del 45% en [&hellip;]<\/p>\n","protected":false},"author":1,"featured_media":4815,"comment_status":"open","ping_status":"open","sticky":false,"template":"","format":"standard","meta":{"footnotes":""},"categories":[129],"tags":[],"class_list":{"0":"post-4814","1":"post","2":"type-post","3":"status-publish","4":"format-standard","5":"has-post-thumbnail","7":"category-nacionales"},"_links":{"self":[{"href":"https:\/\/provinciadigital.com.ar\/index.php?rest_route=\/wp\/v2\/posts\/4814","targetHints":{"allow":["GET"]}}],"collection":[{"href":"https:\/\/provinciadigital.com.ar\/index.php?rest_route=\/wp\/v2\/posts"}],"about":[{"href":"https:\/\/provinciadigital.com.ar\/index.php?rest_route=\/wp\/v2\/types\/post"}],"author":[{"embeddable":true,"href":"https:\/\/provinciadigital.com.ar\/index.php?rest_route=\/wp\/v2\/users\/1"}],"replies":[{"embeddable":true,"href":"https:\/\/provinciadigital.com.ar\/index.php?rest_route=%2Fwp%2Fv2%2Fcomments&post=4814"}],"version-history":[{"count":1,"href":"https:\/\/provinciadigital.com.ar\/index.php?rest_route=\/wp\/v2\/posts\/4814\/revisions"}],"predecessor-version":[{"id":4816,"href":"https:\/\/provinciadigital.com.ar\/index.php?rest_route=\/wp\/v2\/posts\/4814\/revisions\/4816"}],"wp:featuredmedia":[{"embeddable":true,"href":"https:\/\/provinciadigital.com.ar\/index.php?rest_route=\/wp\/v2\/media\/4815"}],"wp:attachment":[{"href":"https:\/\/provinciadigital.com.ar\/index.php?rest_route=%2Fwp%2Fv2%2Fmedia&parent=4814"}],"wp:term":[{"taxonomy":"category","embeddable":true,"href":"https:\/\/provinciadigital.com.ar\/index.php?rest_route=%2Fwp%2Fv2%2Fcategories&post=4814"},{"taxonomy":"post_tag","embeddable":true,"href":"https:\/\/provinciadigital.com.ar\/index.php?rest_route=%2Fwp%2Fv2%2Ftags&post=4814"}],"curies":[{"name":"wp","href":"https:\/\/api.w.org\/{rel}","templated":true}]}}