{"id":4817,"date":"2024-10-23T11:42:31","date_gmt":"2024-10-23T11:42:31","guid":{"rendered":"https:\/\/provinciadigital.com.ar\/?p=4817"},"modified":"2024-10-23T11:42:31","modified_gmt":"2024-10-23T11:42:31","slug":"jorge-macri-inauguro-en-barracas-la-planta-de-logistica-mas-grande-de-la-ciudad","status":"publish","type":"post","link":"https:\/\/provinciadigital.com.ar\/?p=4817","title":{"rendered":"Jorge Macri inaugur\u00f3 en Barracas la planta de log\u00edstica m\u00e1s grande de la Ciudad"},"content":{"rendered":"\n<p>&#8220;Vamos a seguir apoyando a los privados que en este contexto econ\u00f3mico dif\u00edcil se desaf\u00edan a ir por m\u00e1s y se arriesgan a generar trabajo. Si al privado le va bien, a la Ciudad le va mejor. Quiero celebrar el \u00e9xito del privado&#8221;, afirm\u00f3 el jefe de Gobierno porte\u00f1o en la planta de la empresa Urbano ubicada en la calle Hilario Ascasubi 3282. Empresas como MercadoLibre, Coca-Cola, Unilever y Adidas figuran entre sus clientes.<\/p>\n\n\n\n<p>Urbano se especializa en correo postal y soluciones log\u00edsticas de \u00faltima milla, un t\u00e9rmino que se refiere al \u00faltimo tramo del env\u00edo de un producto hacia su destino final. Con la ampliaci\u00f3n, la planta cuenta con 25.000 posiciones para pallets y m\u00e1s de 30.000 posiciones para almacenar medicamentos con control de temperatura.<\/p>\n\n\n\n<p>&#8220;Este lugar va a tener un impacto extremadamente positivo en la zona. Ac\u00e1 est\u00e1 nuestro desaf\u00edo para desarrollar el sur de la Ciudad, que para nosotros es uno de los grandes compromisos de nuestra gesti\u00f3n. Ac\u00e1 se est\u00e1 cuidando un patrimonio que nos identifica&#8221;, dijo Jorge Macri. Lo acompa\u00f1\u00f3 el vicejefe de Gabinete de ministros, Gabriel S\u00e1nchez Zinny, el presidente y el vicepresidente de Urbano, Marcelo Wirth y Marcelo Mattio.<\/p>\n\n\n\n<p>&#8220;Celebro que sigan invirtiendo porque esto nos desaf\u00eda a nosotros a estar a la altura de lo que est\u00e1n haciendo, generando nuevos empleos y permitiendo que muchas familias salgan adelante a partir de su propio esfuerzo&#8221;, asever\u00f3.<\/p>\n\n\n\n<p>La empresa tiene 52 sucursales propias y m\u00e1s de 400 puntos de retiro en todo el pa\u00eds. Sus 1.700 empleados y 1.500 colaboradores directos gestionan m\u00e1s de 2.000.000 de paquetes por mes. Y su ubicaci\u00f3n en el sur porte\u00f1o es estrat\u00e9gica por acceso y cercan\u00eda, y no es habitual, ya que la mayor\u00eda de las compa\u00f1\u00edas de log\u00edstica se radica en el gran Buenos Aires. La apuesta de Urbano va a generar mayor desarrollo econ\u00f3mico y la creaci\u00f3n de nuevos puestos de trabajo en la zona.<\/p>\n\n\n\n<p><\/p>\n","protected":false},"excerpt":{"rendered":"<p>&#8220;Vamos a seguir apoyando a los privados que en este contexto econ\u00f3mico dif\u00edcil se desaf\u00edan a ir por m\u00e1s y se arriesgan a generar trabajo. Si al privado le va bien, a la Ciudad le va mejor. Quiero celebrar el \u00e9xito del privado&#8221;, afirm\u00f3 el jefe de Gobierno porte\u00f1o en la planta de la empresa [&hellip;]<\/p>\n","protected":false},"author":1,"featured_media":4818,"comment_status":"open","ping_status":"open","sticky":false,"template":"","format":"standard","meta":{"footnotes":""},"categories":[131],"tags":[],"class_list":{"0":"post-4817","1":"post","2":"type-post","3":"status-publish","4":"format-standard","5":"has-post-thumbnail","7":"category-caba"},"_links":{"self":[{"href":"https:\/\/provinciadigital.com.ar\/index.php?rest_route=\/wp\/v2\/posts\/4817","targetHints":{"allow":["GET"]}}],"collection":[{"href":"https:\/\/provinciadigital.com.ar\/index.php?rest_route=\/wp\/v2\/posts"}],"about":[{"href":"https:\/\/provinciadigital.com.ar\/index.php?rest_route=\/wp\/v2\/types\/post"}],"author":[{"embeddable":true,"href":"https:\/\/provinciadigital.com.ar\/index.php?rest_route=\/wp\/v2\/users\/1"}],"replies":[{"embeddable":true,"href":"https:\/\/provinciadigital.com.ar\/index.php?rest_route=%2Fwp%2Fv2%2Fcomments&post=4817"}],"version-history":[{"count":1,"href":"https:\/\/provinciadigital.com.ar\/index.php?rest_route=\/wp\/v2\/posts\/4817\/revisions"}],"predecessor-version":[{"id":4819,"href":"https:\/\/provinciadigital.com.ar\/index.php?rest_route=\/wp\/v2\/posts\/4817\/revisions\/4819"}],"wp:featuredmedia":[{"embeddable":true,"href":"https:\/\/provinciadigital.com.ar\/index.php?rest_route=\/wp\/v2\/media\/4818"}],"wp:attachment":[{"href":"https:\/\/provinciadigital.com.ar\/index.php?rest_route=%2Fwp%2Fv2%2Fmedia&parent=4817"}],"wp:term":[{"taxonomy":"category","embeddable":true,"href":"https:\/\/provinciadigital.com.ar\/index.php?rest_route=%2Fwp%2Fv2%2Fcategories&post=4817"},{"taxonomy":"post_tag","embeddable":true,"href":"https:\/\/provinciadigital.com.ar\/index.php?rest_route=%2Fwp%2Fv2%2Ftags&post=4817"}],"curies":[{"name":"wp","href":"https:\/\/api.w.org\/{rel}","templated":true}]}}