{"id":4823,"date":"2024-10-23T11:46:40","date_gmt":"2024-10-23T11:46:40","guid":{"rendered":"https:\/\/provinciadigital.com.ar\/?p=4823"},"modified":"2024-10-23T11:46:41","modified_gmt":"2024-10-23T11:46:41","slug":"los-gremio-de-la-afip-convocaron-a-apagon-informatico-para-rechazar-los-cambios-en-el-organismo","status":"publish","type":"post","link":"https:\/\/provinciadigital.com.ar\/?p=4823","title":{"rendered":"Los gremio de la AFIP convocaron a &#8220;apag\u00f3n inform\u00e1tico&#8221; para rechazar los cambios en el organismo"},"content":{"rendered":"\n<p>Los gremios de la Administraci\u00f3n Federal de Ingresos P\u00fablicos (AFIP) salieron a rechazar la desaparici\u00f3n del organismo y el despido de m\u00e1s de 3.000 empleados, y lanzaron un paro de actividades en lo que resta de la semana.<\/p>\n\n\n\n<p>El Sindicato \u00danico del Personal Aduanero de la Rep\u00fablica Argentina (SUPARA) convoc\u00f3 a realizar un paro de actividades que incluir\u00e1 un apag\u00f3n inform\u00e1tico de 10 a 12 y la realizaci\u00f3n de asambleas en los lugares de trabajo.<\/p>\n\n\n\n<p>Desde la Asociaci\u00f3n de Empleados Fiscales y de Ingresos P\u00fablicos (AEFIP), el segundo gremio del organismo -el tercero es el de los jer\u00e1rquicos- adhieren a la medida.<\/p>\n\n\n\n<p>Sectores gremiales indicaron a la Agencia Noticias Argentinas que si bien las bases reclaman un &#8220;paro general&#8221;, prefieren ser prudentes e ir progresivamente con las medidas.<\/p>\n\n\n\n<p>La decisi\u00f3n de avanzar con una medida de fuerza se concret\u00f3 luego de una asamblea en el edificio de la Aduana Central donde convergieron los trabajadores aduaneros con la conducci\u00f3n del secretario general del SUPARA, Carlos Sueiro, a la que se sum\u00f3 su par de la AEFIP, Pablo Flores.<\/p>\n\n\n\n<p>&#8220;Reiteramos el absoluto repudio y rechazo a este anuncio unilateral, arbitrario e inconstitucional que no s\u00f3lo procura avasallar al conjunto de la clase trabajadora sino tambi\u00e9n a sus familias. Esta organizaci\u00f3n sindical realizar\u00e1 todas las acciones gremiales y judiciales necesarias a fin de defender todos y cada uno de los puestos de trabajo que se ven amenazados por estas medidas&#8221;, indicaron.<\/p>\n\n\n\n<p>Y advirtieron a &#8220;quienes lleven adelante las medidas anunciadas (porque) deber\u00e1n asumir las consecuencias y responsabilidades pol\u00edticas y penales de su ileg\u00edtimo accionar.&#8221; Asimismo, convocaron a un plenario nacional de delegados para el viernes 1 de noviembre a las 12 horas en la sede gremial del SUPARA.<\/p>\n","protected":false},"excerpt":{"rendered":"<p>Los gremios de la Administraci\u00f3n Federal de Ingresos P\u00fablicos (AFIP) salieron a rechazar la desaparici\u00f3n del organismo y el despido de m\u00e1s de 3.000 empleados, y lanzaron un paro de actividades en lo que resta de la semana. El Sindicato \u00danico del Personal Aduanero de la Rep\u00fablica Argentina (SUPARA) convoc\u00f3 a realizar un paro de [&hellip;]<\/p>\n","protected":false},"author":1,"featured_media":4824,"comment_status":"open","ping_status":"open","sticky":false,"template":"","format":"standard","meta":{"footnotes":""},"categories":[129],"tags":[],"class_list":{"0":"post-4823","1":"post","2":"type-post","3":"status-publish","4":"format-standard","5":"has-post-thumbnail","7":"category-nacionales"},"_links":{"self":[{"href":"https:\/\/provinciadigital.com.ar\/index.php?rest_route=\/wp\/v2\/posts\/4823","targetHints":{"allow":["GET"]}}],"collection":[{"href":"https:\/\/provinciadigital.com.ar\/index.php?rest_route=\/wp\/v2\/posts"}],"about":[{"href":"https:\/\/provinciadigital.com.ar\/index.php?rest_route=\/wp\/v2\/types\/post"}],"author":[{"embeddable":true,"href":"https:\/\/provinciadigital.com.ar\/index.php?rest_route=\/wp\/v2\/users\/1"}],"replies":[{"embeddable":true,"href":"https:\/\/provinciadigital.com.ar\/index.php?rest_route=%2Fwp%2Fv2%2Fcomments&post=4823"}],"version-history":[{"count":1,"href":"https:\/\/provinciadigital.com.ar\/index.php?rest_route=\/wp\/v2\/posts\/4823\/revisions"}],"predecessor-version":[{"id":4825,"href":"https:\/\/provinciadigital.com.ar\/index.php?rest_route=\/wp\/v2\/posts\/4823\/revisions\/4825"}],"wp:featuredmedia":[{"embeddable":true,"href":"https:\/\/provinciadigital.com.ar\/index.php?rest_route=\/wp\/v2\/media\/4824"}],"wp:attachment":[{"href":"https:\/\/provinciadigital.com.ar\/index.php?rest_route=%2Fwp%2Fv2%2Fmedia&parent=4823"}],"wp:term":[{"taxonomy":"category","embeddable":true,"href":"https:\/\/provinciadigital.com.ar\/index.php?rest_route=%2Fwp%2Fv2%2Fcategories&post=4823"},{"taxonomy":"post_tag","embeddable":true,"href":"https:\/\/provinciadigital.com.ar\/index.php?rest_route=%2Fwp%2Fv2%2Ftags&post=4823"}],"curies":[{"name":"wp","href":"https:\/\/api.w.org\/{rel}","templated":true}]}}