{"id":4829,"date":"2024-10-25T13:41:46","date_gmt":"2024-10-25T13:41:46","guid":{"rendered":"https:\/\/provinciadigital.com.ar\/?p=4829"},"modified":"2024-10-25T13:41:47","modified_gmt":"2024-10-25T13:41:47","slug":"ramon-lanus-recibio-a-la-secretaria-de-ninez-adolescencia-y-familia-del-gobierno-de-milei-y-celebro-el-trabajo-conjunto","status":"publish","type":"post","link":"https:\/\/provinciadigital.com.ar\/?p=4829","title":{"rendered":"Ram\u00f3n Lan\u00fas recibi\u00f3 a la secretaria de Ni\u00f1ez, Adolescencia y Familia del Gobierno de Milei y celebr\u00f3 el trabajo conjunto"},"content":{"rendered":"\n<p>El intendente de San Isidro, Ram\u00f3n Lan\u00fas, recibi\u00f3 esta ma\u00f1ana a Yanina Nano Lembo, secretaria de Ni\u00f1ez, Adolescencia y Familia del Gobierno Nacional. Juntos recorrieron el Centro de Primera Infancia Domingo Savio, y la Casa de Galilea, ubicados en el barrio La Cava.<\/p>\n\n\n\n<p>&#8220;El cuidado integral de los chicos durante sus primeros a\u00f1os de vida son determinantes para su crecimiento. Por eso la importancia de tener estos centros, tan valiosos para los chicos y sus familias, para que reciban la educaci\u00f3n, el cuidado, la contenci\u00f3n y el acompa\u00f1amiento que necesitan&#8221;, explic\u00f3 el intendente Ram\u00f3n Lan\u00fas.<\/p>\n\n\n\n<p>Sobre la visita de Nano Lembo, Lan\u00fas agreg\u00f3: &#8220;Argentina viene de un proceso de degradaci\u00f3n social que lleva a\u00f1os y que no se arregla de un d\u00eda para el otro. En ese contexto es importante que trabajemos coordinadamente con el gobierno nacional para resolver las problem\u00e1ticas que trascienden lo local, como es el caso de la integraci\u00f3n social. Los vecinos nos van a seguir viendo trabajar juntos para atender las necesidades de San Isidro&#8221;.<\/p>\n\n\n\n<p>La recorrida comenz\u00f3 en el Centro de Primera Infancia &#8220;Santo Domingo Savio&#8221;. Se trata de un nuevo &#8220;Centro Faro&#8221; del que se hizo cargo el Municipio por primera vez a partir de la gesti\u00f3n de Ram\u00f3n Lan\u00fas y que aument\u00f3 la atenci\u00f3n, pasando de recibir de 40 a 60 chicos este a\u00f1o, mayormente del barrio La Cava.<\/p>\n\n\n\n<p>El centro est\u00e1 ubicado en Andr\u00e9s Rol\u00f3n 1370 en Beccar, y es uno de los cuatro Centro Faro que tiene el Municipio de San Isidro. Todos los d\u00edas reciben a ni\u00f1os entre 0 y 3 a\u00f1os, entre las 8:00 y las 15:00, para brindarles un espacio de contenci\u00f3n, estimulaci\u00f3n y educaci\u00f3n desde una mirada sociocomunitaria, que mira al ni\u00f1o junto a su familia y su comunidad.<\/p>\n\n\n\n<p>Los funcionarios luego se dirigieron a la Casa de Galilea, en Gral. Alvarado 1355, Beccar. Es un Centro de Desarrollo Humano y Fortalecimiento Familiar y tiene como misi\u00f3n generar espacios que den respuesta a la realidad de ni\u00f1os, ni\u00f1as, j\u00f3venes y adultos, incentivando procesos de cambio, desarrollo y superaci\u00f3n, con el fin de mejorar la calidad de vida y facilitar la igualdad de oportunidades y derechos ante la sociedad. El Municipio colabora con su acci\u00f3n solidaria, a partir de un subsidio, la entrega de alimentos, mercader\u00eda, donaciones y de la articulaci\u00f3n con las diferentes \u00e1reas sociales y de salud frente a los casos particulares de las familias que lo requieran.<\/p>\n\n\n\n<p>Con m\u00e1s de 70 colaboradores y voluntarios, buscan promover la integraci\u00f3n solidaria de la sociedad civil de San Isidro, en particular los barrios pr\u00f3ximos a La Cava, en este proyecto de desarrollo humano y familiar. Adem\u00e1s, incentiva y busca ser parte de la construcci\u00f3n del tejido social partiendo de peque\u00f1as experiencias a nivel local que puedan repetirse en todo el pa\u00eds.<\/p>\n\n\n\n<p>Reciben a m\u00e1s de 500 familias por a\u00f1o, y 100 chicos de 6 a 16 a\u00f1os asisten todas las tardes y hacen actividades como f\u00fatbol, hockey y taekwondo. All\u00ed tambi\u00e9n les brindan desayuno, almuerzo y merienda.<\/p>\n","protected":false},"excerpt":{"rendered":"<p>El intendente de San Isidro, Ram\u00f3n Lan\u00fas, recibi\u00f3 esta ma\u00f1ana a Yanina Nano Lembo, secretaria de Ni\u00f1ez, Adolescencia y Familia del Gobierno Nacional. Juntos recorrieron el Centro de Primera Infancia Domingo Savio, y la Casa de Galilea, ubicados en el barrio La Cava. &#8220;El cuidado integral de los chicos durante sus primeros a\u00f1os de vida [&hellip;]<\/p>\n","protected":false},"author":1,"featured_media":4830,"comment_status":"open","ping_status":"open","sticky":false,"template":"","format":"standard","meta":{"footnotes":""},"categories":[117],"tags":[],"class_list":{"0":"post-4829","1":"post","2":"type-post","3":"status-publish","4":"format-standard","5":"has-post-thumbnail","7":"category-san-isidro"},"_links":{"self":[{"href":"https:\/\/provinciadigital.com.ar\/index.php?rest_route=\/wp\/v2\/posts\/4829","targetHints":{"allow":["GET"]}}],"collection":[{"href":"https:\/\/provinciadigital.com.ar\/index.php?rest_route=\/wp\/v2\/posts"}],"about":[{"href":"https:\/\/provinciadigital.com.ar\/index.php?rest_route=\/wp\/v2\/types\/post"}],"author":[{"embeddable":true,"href":"https:\/\/provinciadigital.com.ar\/index.php?rest_route=\/wp\/v2\/users\/1"}],"replies":[{"embeddable":true,"href":"https:\/\/provinciadigital.com.ar\/index.php?rest_route=%2Fwp%2Fv2%2Fcomments&post=4829"}],"version-history":[{"count":1,"href":"https:\/\/provinciadigital.com.ar\/index.php?rest_route=\/wp\/v2\/posts\/4829\/revisions"}],"predecessor-version":[{"id":4831,"href":"https:\/\/provinciadigital.com.ar\/index.php?rest_route=\/wp\/v2\/posts\/4829\/revisions\/4831"}],"wp:featuredmedia":[{"embeddable":true,"href":"https:\/\/provinciadigital.com.ar\/index.php?rest_route=\/wp\/v2\/media\/4830"}],"wp:attachment":[{"href":"https:\/\/provinciadigital.com.ar\/index.php?rest_route=%2Fwp%2Fv2%2Fmedia&parent=4829"}],"wp:term":[{"taxonomy":"category","embeddable":true,"href":"https:\/\/provinciadigital.com.ar\/index.php?rest_route=%2Fwp%2Fv2%2Fcategories&post=4829"},{"taxonomy":"post_tag","embeddable":true,"href":"https:\/\/provinciadigital.com.ar\/index.php?rest_route=%2Fwp%2Fv2%2Ftags&post=4829"}],"curies":[{"name":"wp","href":"https:\/\/api.w.org\/{rel}","templated":true}]}}