{"id":4835,"date":"2024-10-25T13:52:37","date_gmt":"2024-10-25T13:52:37","guid":{"rendered":"https:\/\/provinciadigital.com.ar\/?p=4835"},"modified":"2024-10-25T13:52:38","modified_gmt":"2024-10-25T13:52:38","slug":"el-museo-de-arte-tigre-inaugura-la-muestra-homenaje-paez-vilaro-candombes-y-puertos-escenas-del-rio-de-la-plata","status":"publish","type":"post","link":"https:\/\/provinciadigital.com.ar\/?p=4835","title":{"rendered":"El Museo de Arte Tigre inaugura la muestra homenaje &#8220;P\u00e1ez Vilar\u00f3: candombes y puertos. Escenas del R\u00edo de la Plata&#8221;"},"content":{"rendered":"\n<p>El Museo de Arte Tigre (MAT) invita a la comunidad a la inauguraci\u00f3n de la muestra homenaje &#8220;P\u00e1ez Vilar\u00f3: candombes y puertos. Escenas del R\u00edo de la Plata&#8221;, el pr\u00f3ximo s\u00e1bado 26 de octubre a las 12.30hs, en Paseo Victorica 972, Tigre centro.<\/p>\n\n\n\n<p>Como artista de las dos orillas, Carlos Pa\u00e9z Vilar\u00f3 (1923-2014) plasm\u00f3 los temas aut\u00e9nticos de la cultura rioplatense a trav\u00e9s de su pintura. Nacido en Montevideo, pas\u00f3 muchos a\u00f1os y diferentes per\u00edodos de su vida en Buenos Aires, al punto de elegir Tigre como segunda casa.<\/p>\n\n\n\n<p>La exhibici\u00f3n re\u00fane 22 obras, algunas de su primera \u00e9poca, con el candombe uruguayo como principal motivo y otras -m\u00e1s cercanas a la actualidad- con sus caracter\u00edsticas escenas portuarias, propias de Tigre.<\/p>\n\n\n\n<p>P\u00e1ez Vilar\u00f3 se convirti\u00f3 en vecino de Tigre y tom\u00f3 al puerto, mercado de frutos, puesteros y vendedores como temas centrales y tuvo tres exhibiciones individuales en el MAT (2011, 2013 y 2014).<\/p>\n\n\n\n<p>Adem\u00e1s de haber desarrollado la arquitectura de su obra habitable Casapueblo (Uruguay), en Buenos Aires se detuvo especialmente en Tigre, donde dise\u00f1\u00f3 con la misma impronta Bengala, la Casapueblo atelier y vivienda sobre la calle Estrada.<\/p>\n","protected":false},"excerpt":{"rendered":"<p>El Museo de Arte Tigre (MAT) invita a la comunidad a la inauguraci\u00f3n de la muestra homenaje &#8220;P\u00e1ez Vilar\u00f3: candombes y puertos. Escenas del R\u00edo de la Plata&#8221;, el pr\u00f3ximo s\u00e1bado 26 de octubre a las 12.30hs, en Paseo Victorica 972, Tigre centro. Como artista de las dos orillas, Carlos Pa\u00e9z Vilar\u00f3 (1923-2014) plasm\u00f3 los [&hellip;]<\/p>\n","protected":false},"author":1,"featured_media":4836,"comment_status":"open","ping_status":"open","sticky":false,"template":"","format":"standard","meta":{"footnotes":""},"categories":[115],"tags":[],"class_list":{"0":"post-4835","1":"post","2":"type-post","3":"status-publish","4":"format-standard","5":"has-post-thumbnail","7":"category-tigre"},"_links":{"self":[{"href":"https:\/\/provinciadigital.com.ar\/index.php?rest_route=\/wp\/v2\/posts\/4835","targetHints":{"allow":["GET"]}}],"collection":[{"href":"https:\/\/provinciadigital.com.ar\/index.php?rest_route=\/wp\/v2\/posts"}],"about":[{"href":"https:\/\/provinciadigital.com.ar\/index.php?rest_route=\/wp\/v2\/types\/post"}],"author":[{"embeddable":true,"href":"https:\/\/provinciadigital.com.ar\/index.php?rest_route=\/wp\/v2\/users\/1"}],"replies":[{"embeddable":true,"href":"https:\/\/provinciadigital.com.ar\/index.php?rest_route=%2Fwp%2Fv2%2Fcomments&post=4835"}],"version-history":[{"count":1,"href":"https:\/\/provinciadigital.com.ar\/index.php?rest_route=\/wp\/v2\/posts\/4835\/revisions"}],"predecessor-version":[{"id":4837,"href":"https:\/\/provinciadigital.com.ar\/index.php?rest_route=\/wp\/v2\/posts\/4835\/revisions\/4837"}],"wp:featuredmedia":[{"embeddable":true,"href":"https:\/\/provinciadigital.com.ar\/index.php?rest_route=\/wp\/v2\/media\/4836"}],"wp:attachment":[{"href":"https:\/\/provinciadigital.com.ar\/index.php?rest_route=%2Fwp%2Fv2%2Fmedia&parent=4835"}],"wp:term":[{"taxonomy":"category","embeddable":true,"href":"https:\/\/provinciadigital.com.ar\/index.php?rest_route=%2Fwp%2Fv2%2Fcategories&post=4835"},{"taxonomy":"post_tag","embeddable":true,"href":"https:\/\/provinciadigital.com.ar\/index.php?rest_route=%2Fwp%2Fv2%2Ftags&post=4835"}],"curies":[{"name":"wp","href":"https:\/\/api.w.org\/{rel}","templated":true}]}}