{"id":484,"date":"2018-03-09T20:01:42","date_gmt":"2018-03-09T20:01:42","guid":{"rendered":"http:\/\/provinciadigital.com.ar\/?p=484"},"modified":"2018-03-09T20:01:42","modified_gmt":"2018-03-09T20:01:42","slug":"primer-encuentro-de-mujeres-unidas-en-rincon-de-milberg","status":"publish","type":"post","link":"https:\/\/provinciadigital.com.ar\/?p=484","title":{"rendered":"PRIMER ENCUENTRO DE &#8220;MUJERES UNIDAS&#8221; EN RINC\u00d3N DE MILBERG"},"content":{"rendered":"<p>En nuestra localidad se realiz\u00f3 el primer encuentro de \u201cmujeres Unidas\u201d del distrito, el Ateneo del Encuentro fue el lugar elegido para convocar a un gran n\u00famero de mujeres de distintas organizaciones de la sociedad civil. El intendente Zamora acompa\u00f1\u00f3 el evento.<\/p>\n<p>La jornada fue el preludio de una serie de actividades que ya est\u00e1n planificadas en la semana de la mujer, en el inicio se proyect\u00f3 un video que describi\u00f3 el rol protag\u00f3nico de las mujeres en la historia argentina y resalt\u00f3 figuras como Manuela Pedraza, Juana Azurduy, Macacha G\u00fcemes, Alicia Moreau de Justo, Alfonsina Storni, Juana Manso y Mar\u00eda Eva Duarte De Per\u00f3n.<\/p>\n<p>La primera oradora fue la concejala Gisela Zamora, quien destac\u00f3 que el espacio trasciende cualquier bandera pol\u00edtica y sector social, y que fue fundado para debatir y construir consenso en pos del bienestar de la comunidad. Adem\u00e1s, expres\u00f3 \u201cTodas son bienvenidas. La intenci\u00f3n es proteger los sue\u00f1os que tenemos para una sociedad m\u00e1s justa\u201d.<\/p>\n<p>Las mujeres que participaron del encuentro fueron invitadas a escribir en una hoja los motivos por los que marchar\u00e1n hacia Plaza de Mayo el pr\u00f3ximo 8 de Marzo, D\u00eda Internacional de la Mujer. \u201cBasta de femicidios\u201d, \u201cjusticia\u201d, \u201ctrabajo\u201d, \u201cinclusi\u00f3n\u201d, \u201cpaz\u201d, \u201cfamilias unidas\u201d, \u201cno al cierre de escuelas\u201d, \u201cparidad\u201d, fueron algunas de las frases escritas y citadas en voz alta.<\/p>\n<p>El cierre de la charla qued\u00f3 en manos de la presidenta del Honorable Concejo Deliberante, Alejandra Nardi: \u201cEl Intendente Zamora es un hombre comprometido con las cuestiones de g\u00e9nero y vamos a acompa\u00f1arlo y trabajar junto a todas las instituciones de la comunidad. Hoy es el comienzo de una nueva etapa que conformamos las mujeres de Tigre\u201d.<\/p>\n<p>A un costado del sal\u00f3n, un grupo de mujeres a cargo de la pintora y muralista tigrense, Sof\u00eda Eugeni, recrearon el dibujo que distingue a \u201cMujeres Unidas\u201d, y cont\u00f3 con la colaboraci\u00f3n de Julio y Gisela Zamora, quienes dieron unas pinceladas sobre la tela.<\/p>\n<p>La lucha de las mujeres y su participaci\u00f3n pol\u00edtica se visibiliz\u00f3 reci\u00e9n en el siglo XX. Desde distintos espacios pol\u00edticos lucharon por el sufragio femenino, mejoras salariales e igualdad de las condiciones de trabajo. El Movimiento Justicialista incorpor\u00f3 en su agenda, la organizaci\u00f3n del movimiento femenino y ha sido un gran impulsor de la participaci\u00f3n y representaci\u00f3n de la mujer en la vida pol\u00edtica argentina.<\/p>\n<p>El D\u00eda Internacional de la Mujer, institucionalizado por la ONU en 1975, conmemora la lucha de la mujer por su participaci\u00f3n, en pie de igualdad con el hombre, en la sociedad y en su desarrollo \u00edntegro como persona.<\/p>\n<p>Estuvieron presentes: la concejal de Unidad ciudadana, Gladys Poll\u00e1n; el secretario de Pol\u00edtica Sanitaria y Desarrollo Humano, Gonzalo Meschengieser y la secretaria de Gobierno, Patricia D&#8217;Angellis.<\/p>\n","protected":false},"excerpt":{"rendered":"<p>En nuestra localidad se realiz\u00f3 el primer encuentro de \u201cmujeres Unidas\u201d del distrito, el Ateneo del Encuentro fue el lugar elegido para convocar a un gran n\u00famero de mujeres de distintas organizaciones de la sociedad civil. El intendente Zamora acompa\u00f1\u00f3 el evento. La jornada fue el preludio de una serie de actividades que ya est\u00e1n [&hellip;]<\/p>\n","protected":false},"author":1,"featured_media":485,"comment_status":"open","ping_status":"open","sticky":false,"template":"","format":"standard","meta":{"footnotes":""},"categories":[12],"tags":[],"class_list":{"0":"post-484","1":"post","2":"type-post","3":"status-publish","4":"format-standard","5":"has-post-thumbnail","7":"category-rincon-digital"},"_links":{"self":[{"href":"https:\/\/provinciadigital.com.ar\/index.php?rest_route=\/wp\/v2\/posts\/484","targetHints":{"allow":["GET"]}}],"collection":[{"href":"https:\/\/provinciadigital.com.ar\/index.php?rest_route=\/wp\/v2\/posts"}],"about":[{"href":"https:\/\/provinciadigital.com.ar\/index.php?rest_route=\/wp\/v2\/types\/post"}],"author":[{"embeddable":true,"href":"https:\/\/provinciadigital.com.ar\/index.php?rest_route=\/wp\/v2\/users\/1"}],"replies":[{"embeddable":true,"href":"https:\/\/provinciadigital.com.ar\/index.php?rest_route=%2Fwp%2Fv2%2Fcomments&post=484"}],"version-history":[{"count":1,"href":"https:\/\/provinciadigital.com.ar\/index.php?rest_route=\/wp\/v2\/posts\/484\/revisions"}],"predecessor-version":[{"id":486,"href":"https:\/\/provinciadigital.com.ar\/index.php?rest_route=\/wp\/v2\/posts\/484\/revisions\/486"}],"wp:featuredmedia":[{"embeddable":true,"href":"https:\/\/provinciadigital.com.ar\/index.php?rest_route=\/wp\/v2\/media\/485"}],"wp:attachment":[{"href":"https:\/\/provinciadigital.com.ar\/index.php?rest_route=%2Fwp%2Fv2%2Fmedia&parent=484"}],"wp:term":[{"taxonomy":"category","embeddable":true,"href":"https:\/\/provinciadigital.com.ar\/index.php?rest_route=%2Fwp%2Fv2%2Fcategories&post=484"},{"taxonomy":"post_tag","embeddable":true,"href":"https:\/\/provinciadigital.com.ar\/index.php?rest_route=%2Fwp%2Fv2%2Ftags&post=484"}],"curies":[{"name":"wp","href":"https:\/\/api.w.org\/{rel}","templated":true}]}}