{"id":4845,"date":"2024-10-29T13:24:21","date_gmt":"2024-10-29T13:24:21","guid":{"rendered":"https:\/\/provinciadigital.com.ar\/?p=4845"},"modified":"2024-10-29T13:24:22","modified_gmt":"2024-10-29T13:24:22","slug":"el-jueves-habra-paro-de-colectivos-durante-24-horas-afectara-el-servicio-de-corta-distancia-en-el-amba","status":"publish","type":"post","link":"https:\/\/provinciadigital.com.ar\/?p=4845","title":{"rendered":"El jueves habr\u00e1 paro de colectivos durante 24 horas: afectar\u00e1 el servicio de corta distancia en el AMBA"},"content":{"rendered":"\n<p>La Uni\u00f3n Tranviarios Automotor (UTA) anunci\u00f3 un paro de actividades para el pr\u00f3ximo jueves en reclamo por mejores salariales.<\/p>\n\n\n\n<p>Ser\u00e1 al d\u00eda siguiente de la medida anunciada por la Confederaci\u00f3n Argentina de Trabajadores del Transporte (CATT), que incluye a todos los transportes p\u00fablicos -trenes, barcos, aviones y subtes- y al servicio de carga.<\/p>\n\n\n\n<p>La medida fue anunciada por el gremio que lidera Roberto Fern\u00e1ndez, por lo que no habr\u00e1 servicio de colectivos desde las 0 del jueves 31.<\/p>\n\n\n\n<p>De esta forma, los integrantes de la UTA protestar\u00e1n por los salarios, pero no se sumar\u00e1n a la medida de la CATT, un sector que est\u00e1 m\u00e1s alejado del gobierno del presidente Javier Milei.<\/p>\n\n\n\n<p>La UTA ten\u00eda vigente una conciliaci\u00f3n obligatoria dictada por la Secretar\u00eda de Trabajo que le imped\u00eda realizar medidas de fuerzas hasta este martes 29, por lo que legalmente pod\u00eda haberse adherido al paro del resto de las ramas del transporte.<\/p>\n\n\n\n<p>Este lunes el gremio mantuvo un encuentro con las c\u00e1maras del sector pero no se pusieron de acuerdo.<\/p>\n\n\n\n<p>&#8220;La recaudaci\u00f3n no responde a la realidad en absoluto y en estas circunstancias es imposible arribar a un acuerdo&#8221;, indicaron fuentes de las c\u00e1maras.<\/p>\n\n\n\n<p>La UTA hab\u00eda solicitado un salario b\u00e1sico para agosto de $1.160.000, con aumentos progresivos hasta llegar a $1.322.136 en diciembre.<\/p>\n\n\n\n<p>Seg\u00fan el sindicato, las empresas de transporte no hicieron ning\u00fan ofrecimiento durante el encuentro de este lunes.<\/p>\n\n\n\n<p>De esta forma, los usuarios de transporte p\u00fablico ver\u00e1n afectados los servicios por dos d\u00edas consecutivos<\/p>\n","protected":false},"excerpt":{"rendered":"<p>La Uni\u00f3n Tranviarios Automotor (UTA) anunci\u00f3 un paro de actividades para el pr\u00f3ximo jueves en reclamo por mejores salariales. Ser\u00e1 al d\u00eda siguiente de la medida anunciada por la Confederaci\u00f3n Argentina de Trabajadores del Transporte (CATT), que incluye a todos los transportes p\u00fablicos -trenes, barcos, aviones y subtes- y al servicio de carga. La medida [&hellip;]<\/p>\n","protected":false},"author":1,"featured_media":4846,"comment_status":"open","ping_status":"open","sticky":false,"template":"","format":"standard","meta":{"footnotes":""},"categories":[129],"tags":[],"class_list":{"0":"post-4845","1":"post","2":"type-post","3":"status-publish","4":"format-standard","5":"has-post-thumbnail","7":"category-nacionales"},"_links":{"self":[{"href":"https:\/\/provinciadigital.com.ar\/index.php?rest_route=\/wp\/v2\/posts\/4845","targetHints":{"allow":["GET"]}}],"collection":[{"href":"https:\/\/provinciadigital.com.ar\/index.php?rest_route=\/wp\/v2\/posts"}],"about":[{"href":"https:\/\/provinciadigital.com.ar\/index.php?rest_route=\/wp\/v2\/types\/post"}],"author":[{"embeddable":true,"href":"https:\/\/provinciadigital.com.ar\/index.php?rest_route=\/wp\/v2\/users\/1"}],"replies":[{"embeddable":true,"href":"https:\/\/provinciadigital.com.ar\/index.php?rest_route=%2Fwp%2Fv2%2Fcomments&post=4845"}],"version-history":[{"count":1,"href":"https:\/\/provinciadigital.com.ar\/index.php?rest_route=\/wp\/v2\/posts\/4845\/revisions"}],"predecessor-version":[{"id":4847,"href":"https:\/\/provinciadigital.com.ar\/index.php?rest_route=\/wp\/v2\/posts\/4845\/revisions\/4847"}],"wp:featuredmedia":[{"embeddable":true,"href":"https:\/\/provinciadigital.com.ar\/index.php?rest_route=\/wp\/v2\/media\/4846"}],"wp:attachment":[{"href":"https:\/\/provinciadigital.com.ar\/index.php?rest_route=%2Fwp%2Fv2%2Fmedia&parent=4845"}],"wp:term":[{"taxonomy":"category","embeddable":true,"href":"https:\/\/provinciadigital.com.ar\/index.php?rest_route=%2Fwp%2Fv2%2Fcategories&post=4845"},{"taxonomy":"post_tag","embeddable":true,"href":"https:\/\/provinciadigital.com.ar\/index.php?rest_route=%2Fwp%2Fv2%2Ftags&post=4845"}],"curies":[{"name":"wp","href":"https:\/\/api.w.org\/{rel}","templated":true}]}}