{"id":4848,"date":"2024-10-29T13:27:41","date_gmt":"2024-10-29T13:27:41","guid":{"rendered":"https:\/\/provinciadigital.com.ar\/?p=4848"},"modified":"2024-10-29T13:27:42","modified_gmt":"2024-10-29T13:27:42","slug":"vacunacion-contra-el-dengue-la-provincia-de-buenos-aires-enviara-mas-turnos","status":"publish","type":"post","link":"https:\/\/provinciadigital.com.ar\/?p=4848","title":{"rendered":"Vacunaci\u00f3n contra el Dengue: La Provincia de Buenos Aires enviar\u00e1 m\u00e1s turnos"},"content":{"rendered":"\n<p>La cartera sanitaria bonaerense informa que durante el transcurso del martes 29 se enviar\u00e1n nuevos turnos por correo electr\u00f3nico, que ser\u00e1n asignados a personas que cumplen con los requisitos, entre ellos, viven la zona metropolitana y tuvieron dengue durante la \u00faltima temporada.<\/p>\n\n\n\n<p>Las y los destinatarios recibir\u00e1n en el correo la informaci\u00f3n que indique cu\u00e1ndo y a cu\u00e1l vacunatorio acercarse para recibir la dosis. En este env\u00edo masivo tambi\u00e9n se incluyen personas que se inscribieron en Mi Salud por cumplir las condiciones para vacunarse.<\/p>\n\n\n\n<p>La Provincia recuerda que en esta etapa podr\u00e1n vacunarse aquellas personas que tienen entre 15 y 59 a\u00f1os, tuvieron la enfermedad dengue entre el 2023 y 2024, y vivan en un municipio que integre la regi\u00f3n metropolitana de Buenos Aires.<\/p>\n\n\n\n<p>Por otro lado, quienes hayan tenido dengue hace poco tiempo deber\u00e1n esperar seis meses para recibir la vacuna. A su vez, est\u00e1 contraindicada durante el embarazo y la lactancia; as\u00ed como para personas inmunocomprometidas; o en tratamiento de quimioterapia o corticoides a altas dosis. Para m\u00e1s informaci\u00f3n, ingresar a&nbsp;<a href=\"http:\/\/www.gba.gob.ar\/dengue\" target=\"_blank\" rel=\"noreferrer noopener\">www.gba.gob.ar\/dengue<\/a>&nbsp;o llamar al 148.<\/p>\n","protected":false},"excerpt":{"rendered":"<p>La cartera sanitaria bonaerense informa que durante el transcurso del martes 29 se enviar\u00e1n nuevos turnos por correo electr\u00f3nico, que ser\u00e1n asignados a personas que cumplen con los requisitos, entre ellos, viven la zona metropolitana y tuvieron dengue durante la \u00faltima temporada. Las y los destinatarios recibir\u00e1n en el correo la informaci\u00f3n que indique cu\u00e1ndo [&hellip;]<\/p>\n","protected":false},"author":1,"featured_media":4849,"comment_status":"open","ping_status":"open","sticky":false,"template":"","format":"standard","meta":{"footnotes":""},"categories":[20],"tags":[],"class_list":{"0":"post-4848","1":"post","2":"type-post","3":"status-publish","4":"format-standard","5":"has-post-thumbnail","7":"category-provincia"},"_links":{"self":[{"href":"https:\/\/provinciadigital.com.ar\/index.php?rest_route=\/wp\/v2\/posts\/4848","targetHints":{"allow":["GET"]}}],"collection":[{"href":"https:\/\/provinciadigital.com.ar\/index.php?rest_route=\/wp\/v2\/posts"}],"about":[{"href":"https:\/\/provinciadigital.com.ar\/index.php?rest_route=\/wp\/v2\/types\/post"}],"author":[{"embeddable":true,"href":"https:\/\/provinciadigital.com.ar\/index.php?rest_route=\/wp\/v2\/users\/1"}],"replies":[{"embeddable":true,"href":"https:\/\/provinciadigital.com.ar\/index.php?rest_route=%2Fwp%2Fv2%2Fcomments&post=4848"}],"version-history":[{"count":1,"href":"https:\/\/provinciadigital.com.ar\/index.php?rest_route=\/wp\/v2\/posts\/4848\/revisions"}],"predecessor-version":[{"id":4850,"href":"https:\/\/provinciadigital.com.ar\/index.php?rest_route=\/wp\/v2\/posts\/4848\/revisions\/4850"}],"wp:featuredmedia":[{"embeddable":true,"href":"https:\/\/provinciadigital.com.ar\/index.php?rest_route=\/wp\/v2\/media\/4849"}],"wp:attachment":[{"href":"https:\/\/provinciadigital.com.ar\/index.php?rest_route=%2Fwp%2Fv2%2Fmedia&parent=4848"}],"wp:term":[{"taxonomy":"category","embeddable":true,"href":"https:\/\/provinciadigital.com.ar\/index.php?rest_route=%2Fwp%2Fv2%2Fcategories&post=4848"},{"taxonomy":"post_tag","embeddable":true,"href":"https:\/\/provinciadigital.com.ar\/index.php?rest_route=%2Fwp%2Fv2%2Ftags&post=4848"}],"curies":[{"name":"wp","href":"https:\/\/api.w.org\/{rel}","templated":true}]}}