{"id":4851,"date":"2024-10-30T11:55:00","date_gmt":"2024-10-30T11:55:00","guid":{"rendered":"https:\/\/provinciadigital.com.ar\/?p=4851"},"modified":"2024-10-30T11:55:01","modified_gmt":"2024-10-30T11:55:01","slug":"adorni-los-que-paran-son-grandes-defensores-de-los-privilegios-de-unos-pocos-en-perjuicio-de-la-gran-mayoria-de-los-argentinos","status":"publish","type":"post","link":"https:\/\/provinciadigital.com.ar\/?p=4851","title":{"rendered":"Adorni: &#8220;Los que paran son grandes defensores de los privilegios de unos pocos en perjuicio de la gran mayor\u00eda de los argentinos&#8221;"},"content":{"rendered":"\n<p>En su habitual conferencia de prensa, el Vocero hizo un repaso de los gremios que paran entre los que mencion\u00f3 a &#8220;Aeronavegantes y el gremio de pilotos de Pablo Bir\u00f3, que se resisten a perder sus privilegios y sus pasajes gratuitos en clase ejecutiva&#8221;, el gremio de Moyano &#8220;que es en defensa de Bir\u00f3 porque no hay otra raz\u00f3n&#8221;, el gremio de AFIP &#8220;que pretende seguir con el privilegio de los cargos hereditarios&#8221;, el de estatales ATE &#8220;que se resiste a ex\u00e1menes de idoneidad&#8221;, y el de la Uni\u00f3n Ferroviaria &#8220;que defiende servicios con una calidad peor que hace medio siglo&#8221;.<\/p>\n\n\n\n<p>&#8220;El estado de los que paran no hacen m\u00e1s que definir algo que ya sabemos: paran los privilegiados&#8221;, sostuvo Adorni y agreg\u00f3 que &#8220;los que pueden darse el lujo de parar&#8221; lo \u00fanico que hacen es &#8220;perjudicar a los que quieren trabajar, a los que votaron por una Argentina distinta precisamente para eliminar los privilegios de la casta&#8221;.<\/p>\n\n\n\n<p>En otro orden, el Vocero destac\u00f3 la ca\u00edda del Riesgo Pa\u00eds que &#8220;alcanz\u00f3 su nivel m\u00e1s bajo en los \u00faltimos cinco a\u00f1os y hoy rompi\u00f3 la barrera de los 900 puntos&#8221;, mientras que &#8220;subieron las acciones argentinas y los bonos acumulan subas como en mucho tiempo no se ve\u00edan&#8221;. Atribuy\u00f3 la tendencia al super\u00e1vit fiscal, la emisi\u00f3n cero y las anclas del Gobierno tanto en materia fiscal como materia monetaria, adem\u00e1s del viaje del Ministro de Econom\u00eda Luis Caputo a Estados Unidos &#8220;donde Argentina obtuvo financiamiento por 8.800 millones de d\u00f3lares tanto del Banco Mundial como del BID&#8221;.<\/p>\n\n\n\n<p>Con respecto a la puesta a subasta de inmuebles del Estado, Adorni inform\u00f3 que &#8220;ya se empezaron a publicar todos los bienes que est\u00e1n subutilizados o suponen un costo sobredimensionado para el Estado&#8221; en la web Argentina.gob.ar\/bienesdelestado.<\/p>\n\n\n\n<p>Asimismo confirm\u00f3 que, en el marco de la reestructuraci\u00f3n de la Casa de Moneda, &#8220;se dejan de emitir billetes de $2.000, obviamente un sinsentido heredado por la gesti\u00f3n anterior que se negaba a emitir billetes de mayor denominaci\u00f3n, acorde a la inflaci\u00f3n que nos dejaron&#8221;, y apunt\u00f3 que se dispuso la intervenci\u00f3n por 180 d\u00edas de la entidad: &#8220;Su interventor va a ser el doctor Pedro Daniel Cavagnaro, quien hoy est\u00e1 trabajando en la renovaci\u00f3n de las contrataciones&#8221;, finaliz\u00f3.<\/p>\n","protected":false},"excerpt":{"rendered":"<p>En su habitual conferencia de prensa, el Vocero hizo un repaso de los gremios que paran entre los que mencion\u00f3 a &#8220;Aeronavegantes y el gremio de pilotos de Pablo Bir\u00f3, que se resisten a perder sus privilegios y sus pasajes gratuitos en clase ejecutiva&#8221;, el gremio de Moyano &#8220;que es en defensa de Bir\u00f3 porque [&hellip;]<\/p>\n","protected":false},"author":1,"featured_media":4852,"comment_status":"open","ping_status":"open","sticky":false,"template":"","format":"standard","meta":{"footnotes":""},"categories":[129],"tags":[],"class_list":{"0":"post-4851","1":"post","2":"type-post","3":"status-publish","4":"format-standard","5":"has-post-thumbnail","7":"category-nacionales"},"_links":{"self":[{"href":"https:\/\/provinciadigital.com.ar\/index.php?rest_route=\/wp\/v2\/posts\/4851","targetHints":{"allow":["GET"]}}],"collection":[{"href":"https:\/\/provinciadigital.com.ar\/index.php?rest_route=\/wp\/v2\/posts"}],"about":[{"href":"https:\/\/provinciadigital.com.ar\/index.php?rest_route=\/wp\/v2\/types\/post"}],"author":[{"embeddable":true,"href":"https:\/\/provinciadigital.com.ar\/index.php?rest_route=\/wp\/v2\/users\/1"}],"replies":[{"embeddable":true,"href":"https:\/\/provinciadigital.com.ar\/index.php?rest_route=%2Fwp%2Fv2%2Fcomments&post=4851"}],"version-history":[{"count":1,"href":"https:\/\/provinciadigital.com.ar\/index.php?rest_route=\/wp\/v2\/posts\/4851\/revisions"}],"predecessor-version":[{"id":4853,"href":"https:\/\/provinciadigital.com.ar\/index.php?rest_route=\/wp\/v2\/posts\/4851\/revisions\/4853"}],"wp:featuredmedia":[{"embeddable":true,"href":"https:\/\/provinciadigital.com.ar\/index.php?rest_route=\/wp\/v2\/media\/4852"}],"wp:attachment":[{"href":"https:\/\/provinciadigital.com.ar\/index.php?rest_route=%2Fwp%2Fv2%2Fmedia&parent=4851"}],"wp:term":[{"taxonomy":"category","embeddable":true,"href":"https:\/\/provinciadigital.com.ar\/index.php?rest_route=%2Fwp%2Fv2%2Fcategories&post=4851"},{"taxonomy":"post_tag","embeddable":true,"href":"https:\/\/provinciadigital.com.ar\/index.php?rest_route=%2Fwp%2Fv2%2Ftags&post=4851"}],"curies":[{"name":"wp","href":"https:\/\/api.w.org\/{rel}","templated":true}]}}