{"id":4854,"date":"2024-10-30T11:57:24","date_gmt":"2024-10-30T11:57:24","guid":{"rendered":"https:\/\/provinciadigital.com.ar\/?p=4854"},"modified":"2024-10-30T11:57:25","modified_gmt":"2024-10-30T11:57:25","slug":"para-afianzar-el-vinculo-con-la-capital-espanola-jorge-macri-se-reunio-con-el-alcalde-de-madrid-y-con-el-presidente-del-partido-popular","status":"publish","type":"post","link":"https:\/\/provinciadigital.com.ar\/?p=4854","title":{"rendered":"Para afianzar el v\u00ednculo con la capital espa\u00f1ola, Jorge Macri se reuni\u00f3 con el alcalde de Madrid y con el presidente del Partido Popular"},"content":{"rendered":"\n<p>&#8220;Inspirados en programas como \u2018Madrid Protege&#8217; y \u2018Madrid Innovation Lab&#8217;, as\u00ed como con la iniciativa conjunta \u2018Conexi\u00f3n Buenos Aires-Madrid&#8217;, trabajamos para mejorar la calidad de vida en la Ciudad y darle cada vez m\u00e1s herramientas y oportunidades a los vecinos&#8221;, sostuvo Jorge Macri.<\/p>\n\n\n\n<p>El Jefe de Gobierno participar\u00e1 de la cumbre de la Uni\u00f3n de Ciudades Capitales Iberoamericanas (UCCI), donde se encontrar\u00e1n los alcaldes y l\u00edderes de las ciudades m\u00e1s importantes de habla hispana que buscan promover la cooperaci\u00f3n y el desarrollo sostenible. Se espera que Buenos Aires sea designada como sede de la pr\u00f3xima edici\u00f3n, que se realizar\u00e1 en 2025.<\/p>\n\n\n\n<p>Macri lleg\u00f3 a Madrid el lunes previo paso por Lisboa, donde recorri\u00f3 un centro TUMO, en el que funciona un innovador programa educativo que promueve la creatividad y que funciona como complemento de la escuela para ni\u00f1os y adolescentes. Luego visit\u00f3 la Unicorn Factory Lisboa, una compa\u00f1\u00eda que apoya el surgimiento de nuevas empresas tecnol\u00f3gicas, y fue recibido por el alcalde de la capital portuguesa, Carlos Moedas.<\/p>\n\n\n\n<p>En Madrid, el Jefe de Gobierno comparti\u00f3 un desayuno con empresarios espa\u00f1oles. Participaron ejecutivos de las empresas Construcciones y Auxiliar de Ferrocarriles (CAF), de la corporaci\u00f3n Abertis operadora internacional en la gesti\u00f3n de autopistas, de los bancos Santander y Bilbao Vizcaya, de la Universidad Internacional de La Rioja, de Iberia L\u00edneas A\u00e9reas y de Telef\u00f3nica de Espa\u00f1a, entre otras firmas. Y despu\u00e9s se reuni\u00f3 con empresarios argentinos. &#8220;Con todos ellos mantuvimos reuniones muy productivas donde volvimos a poner al privado en el centro de la escena&#8221;, destac\u00f3.<\/p>\n\n\n\n<p>Adem\u00e1s mantuvo reuniones con el embajador argentino en Espa\u00f1a, Roberto Bosch Est\u00e9vez, y con el titular del Partido Popular de Espa\u00f1a, Alberto N\u00fa\u00f1ez Feij\u00f3o. &#8220;Con N\u00fa\u00f1ez Feij\u00f3o hablamos sobre la importancia de los lazos hist\u00f3ricos que nos unen. Tenemos la responsabilidad de cuidar y fortalecer ese v\u00ednculo, por eso celebro la decisi\u00f3n del Gobierno Espa\u00f1ol de nombrar un nuevo embajador en Argentina&#8221;, sostuvo el Jefe de Gobierno. Por la noche asisti\u00f3 a la cena oficial de bienvenida en honor a los alcaldes que el pr\u00f3ximo jueves participar\u00e1n del plenario anual de la UCCI.<\/p>\n","protected":false},"excerpt":{"rendered":"<p>&#8220;Inspirados en programas como \u2018Madrid Protege&#8217; y \u2018Madrid Innovation Lab&#8217;, as\u00ed como con la iniciativa conjunta \u2018Conexi\u00f3n Buenos Aires-Madrid&#8217;, trabajamos para mejorar la calidad de vida en la Ciudad y darle cada vez m\u00e1s herramientas y oportunidades a los vecinos&#8221;, sostuvo Jorge Macri. El Jefe de Gobierno participar\u00e1 de la cumbre de la Uni\u00f3n de [&hellip;]<\/p>\n","protected":false},"author":1,"featured_media":4855,"comment_status":"open","ping_status":"open","sticky":false,"template":"","format":"standard","meta":{"footnotes":""},"categories":[131],"tags":[],"class_list":{"0":"post-4854","1":"post","2":"type-post","3":"status-publish","4":"format-standard","5":"has-post-thumbnail","7":"category-caba"},"_links":{"self":[{"href":"https:\/\/provinciadigital.com.ar\/index.php?rest_route=\/wp\/v2\/posts\/4854","targetHints":{"allow":["GET"]}}],"collection":[{"href":"https:\/\/provinciadigital.com.ar\/index.php?rest_route=\/wp\/v2\/posts"}],"about":[{"href":"https:\/\/provinciadigital.com.ar\/index.php?rest_route=\/wp\/v2\/types\/post"}],"author":[{"embeddable":true,"href":"https:\/\/provinciadigital.com.ar\/index.php?rest_route=\/wp\/v2\/users\/1"}],"replies":[{"embeddable":true,"href":"https:\/\/provinciadigital.com.ar\/index.php?rest_route=%2Fwp%2Fv2%2Fcomments&post=4854"}],"version-history":[{"count":1,"href":"https:\/\/provinciadigital.com.ar\/index.php?rest_route=\/wp\/v2\/posts\/4854\/revisions"}],"predecessor-version":[{"id":4856,"href":"https:\/\/provinciadigital.com.ar\/index.php?rest_route=\/wp\/v2\/posts\/4854\/revisions\/4856"}],"wp:featuredmedia":[{"embeddable":true,"href":"https:\/\/provinciadigital.com.ar\/index.php?rest_route=\/wp\/v2\/media\/4855"}],"wp:attachment":[{"href":"https:\/\/provinciadigital.com.ar\/index.php?rest_route=%2Fwp%2Fv2%2Fmedia&parent=4854"}],"wp:term":[{"taxonomy":"category","embeddable":true,"href":"https:\/\/provinciadigital.com.ar\/index.php?rest_route=%2Fwp%2Fv2%2Fcategories&post=4854"},{"taxonomy":"post_tag","embeddable":true,"href":"https:\/\/provinciadigital.com.ar\/index.php?rest_route=%2Fwp%2Fv2%2Ftags&post=4854"}],"curies":[{"name":"wp","href":"https:\/\/api.w.org\/{rel}","templated":true}]}}