{"id":4860,"date":"2024-10-31T13:17:36","date_gmt":"2024-10-31T13:17:36","guid":{"rendered":"https:\/\/provinciadigital.com.ar\/?p=4860"},"modified":"2024-10-31T13:17:37","modified_gmt":"2024-10-31T13:17:37","slug":"el-gobierno-echo-a-mondino-y-designo-a-gerardo-werthein-como-nuevo-canciller","status":"publish","type":"post","link":"https:\/\/provinciadigital.com.ar\/?p=4860","title":{"rendered":"El Gobierno ech\u00f3 a Mondino y design\u00f3 a Gerardo Werthein como nuevo canciller"},"content":{"rendered":"\n<p>El presidente Javier Milei desplaz\u00f3 este mi\u00e9rcoles a la canciller Diana Mondino por el voto argentino en la ONU en contra del embargo de Estados Unidos a Cuba y design\u00f3 a Gerardo Werthein para el cargo, seg\u00fan pudo confirmar la Agencia Noticias Argentinas de fuentes oficiales.<\/p>\n\n\n\n<p>Argentina vot\u00f3 este mi\u00e9rcoles en contra del embargo de Estados Unidos a Cuba en la Asamblea General de la ONU, donde se aprob\u00f3 una resoluci\u00f3n que pide poner fin al &#8220;bloqueo&#8221; a ese pa\u00eds.<\/p>\n\n\n\n<p>Tras esa toma de postura, Milei decidi\u00f3 desplazar a Mondino, confirm\u00f3 la Casa Rosada ante la consulta de esta agencia. Werthein se hab\u00eda desempe\u00f1ado hasta el momento como embajador argentino en Estados Unidos.<\/p>\n\n\n\n<p>El texto aprobado por la ONU ped\u00eda &#8220;poner fin al bloqueo econ\u00f3mico comercial y financiero impuesto por los Estados Unidos de Am\u00e9rica contra Cuba&#8221; y fue presentado por el gobierno de la isla este mi\u00e9rcoles en la ciudad de Nueva York.<\/p>\n\n\n\n<p>La votaci\u00f3n tuvo luz verde con el respaldo de 187 pa\u00edses y solo dos en contra: Estados Unidos e Israel; mientras que Moldavia se abstuvo.<\/p>\n\n\n\n<p>Es la primera vez desde la llegada de Milei a la Casa Rosada que Argentina no se alinea con el gobierno norteamericano ni con la administraci\u00f3n israel\u00ed.<\/p>\n\n\n\n<p>De todos modos, la de este mi\u00e9rcoles fue la 32\u00b0 oportunidad en que la representaci\u00f3n argentina en la ONU vota de esa manera.<\/p>\n","protected":false},"excerpt":{"rendered":"<p>El presidente Javier Milei desplaz\u00f3 este mi\u00e9rcoles a la canciller Diana Mondino por el voto argentino en la ONU en contra del embargo de Estados Unidos a Cuba y design\u00f3 a Gerardo Werthein para el cargo, seg\u00fan pudo confirmar la Agencia Noticias Argentinas de fuentes oficiales. Argentina vot\u00f3 este mi\u00e9rcoles en contra del embargo de [&hellip;]<\/p>\n","protected":false},"author":1,"featured_media":4861,"comment_status":"open","ping_status":"open","sticky":false,"template":"","format":"standard","meta":{"footnotes":""},"categories":[129],"tags":[],"class_list":{"0":"post-4860","1":"post","2":"type-post","3":"status-publish","4":"format-standard","5":"has-post-thumbnail","7":"category-nacionales"},"_links":{"self":[{"href":"https:\/\/provinciadigital.com.ar\/index.php?rest_route=\/wp\/v2\/posts\/4860","targetHints":{"allow":["GET"]}}],"collection":[{"href":"https:\/\/provinciadigital.com.ar\/index.php?rest_route=\/wp\/v2\/posts"}],"about":[{"href":"https:\/\/provinciadigital.com.ar\/index.php?rest_route=\/wp\/v2\/types\/post"}],"author":[{"embeddable":true,"href":"https:\/\/provinciadigital.com.ar\/index.php?rest_route=\/wp\/v2\/users\/1"}],"replies":[{"embeddable":true,"href":"https:\/\/provinciadigital.com.ar\/index.php?rest_route=%2Fwp%2Fv2%2Fcomments&post=4860"}],"version-history":[{"count":1,"href":"https:\/\/provinciadigital.com.ar\/index.php?rest_route=\/wp\/v2\/posts\/4860\/revisions"}],"predecessor-version":[{"id":4862,"href":"https:\/\/provinciadigital.com.ar\/index.php?rest_route=\/wp\/v2\/posts\/4860\/revisions\/4862"}],"wp:featuredmedia":[{"embeddable":true,"href":"https:\/\/provinciadigital.com.ar\/index.php?rest_route=\/wp\/v2\/media\/4861"}],"wp:attachment":[{"href":"https:\/\/provinciadigital.com.ar\/index.php?rest_route=%2Fwp%2Fv2%2Fmedia&parent=4860"}],"wp:term":[{"taxonomy":"category","embeddable":true,"href":"https:\/\/provinciadigital.com.ar\/index.php?rest_route=%2Fwp%2Fv2%2Fcategories&post=4860"},{"taxonomy":"post_tag","embeddable":true,"href":"https:\/\/provinciadigital.com.ar\/index.php?rest_route=%2Fwp%2Fv2%2Ftags&post=4860"}],"curies":[{"name":"wp","href":"https:\/\/api.w.org\/{rel}","templated":true}]}}