{"id":4866,"date":"2024-11-04T11:53:07","date_gmt":"2024-11-04T11:53:07","guid":{"rendered":"https:\/\/provinciadigital.com.ar\/?p=4866"},"modified":"2024-11-04T11:53:07","modified_gmt":"2024-11-04T11:53:07","slug":"ventas-minoristas-volvieron-a-crecer-tras-19-meses-pero-mas-de-la-mitad-de-los-comercios-sigue-padeciendo-la-falta-de-compras","status":"publish","type":"post","link":"https:\/\/provinciadigital.com.ar\/?p=4866","title":{"rendered":"Ventas minoristas: volvieron a crecer tras 19 meses pero m\u00e1s de la mitad de los comercios sigue padeciendo la falta de compras"},"content":{"rendered":"\n<p>El dato a nivel interanual sigue evidenciando un proceso de recuperaci\u00f3n en el sector, ya que desde julio se fue atenuando el nivel de ca\u00edda cada mes hasta alcanzar en octubre el primer saldo positivo en m\u00e1s de un a\u00f1o y medio.<\/p>\n\n\n\n<p>En la comparaci\u00f3n mensual desestacionalizada, el \u00cdndice de Ventas Minoristas Pymes arroj\u00f3 que los comercios tambi\u00e9n tuvieron un incremento en el consumo del 7,4% en octubre frente al mes previo. A pesar de estas mejoras, el balance del a\u00f1o sigue en terreno negativo, ya que en los primeros diez meses del a\u00f1o las ventas acumulan un declive del 13,2%.<\/p>\n\n\n\n<p>Al analizar el panorama relevado, desde CAME expresaron que &#8220;el D\u00eda de la Madre, la estabilidad de precios, las ofertas interesantes del mercado y las mayores opciones de financiamiento le devolvieron algo de dinamismo al consumo que ven\u00eda con una ca\u00edda sostenida&#8221;.<\/p>\n\n\n\n<p>Asimismo, aseguraron que &#8220;el resultado del mes dej\u00f3 a los comerciantes una visi\u00f3n incierta sobre lo que puede esperarse para fin de a\u00f1o&#8221;, precisando que &#8220;para algunos, el comportamiento de la demanda deja expectativas positivas, y para otros, los n\u00fameros no alcanzan para pensar en terminar el 2024 con ventas a pleno&#8221;.<\/p>\n\n\n\n<p>En octubre, cuatro de los siete sectores relevados registraron subas interanuales en sus ventas. El mayor incremento se detect\u00f3 en Calzado y marroquiner\u00eda (+10,3%), seguido por Alimentos y bebidas (+5,8%) y Textil e Indumentaria (+4,8%). En cambio, declinaron Perfumer\u00edas (-15%) y Bazar, decoraci\u00f3n, textiles de hogar (-7,4%). Mientras que en el acumulado del a\u00f1o, la mayor baja la llevan tambi\u00e9n Perfumer\u00edas (-29,3%) y Farmacias (-23,2%).<\/p>\n\n\n\n<p>En relaci\u00f3n a los obst\u00e1culos que enfrenta la pyme, entre los locales encuestados &#8220;el 51% mencion\u00f3 la falta de ventas, el 31,5% ubic\u00f3 a los altos costos de producci\u00f3n y log\u00edsticos, y el 8,6% se refiri\u00f3 a las dificultades para acceder al cr\u00e9dito, mientras un 3,9% apunt\u00f3 a los problemas de cobranzas, que en algunos rubros como alimentos y bebidas fue m\u00e1s importante que en otros&#8221;.<\/p>\n\n\n\n<p>A su vez, desde la entidad gremial-empresaria recogieron que &#8220;la carga impositiva continu\u00f3 siendo en octubre el problema de m\u00e1s peso para el comercio&#8221;, frente a lo que aportaron que &#8220;entre las principales pol\u00edticas que esperaran del gobierno, el 53,5% se refiri\u00f3 a una baja de los impuestos y 15,1% apunt\u00f3 a la reducci\u00f3n de tasas municipales&#8221;.<\/p>\n\n\n\n<p>En cuanto a la capacidad para cumplir con el pago de sueldos en octubre, se\u00f1alaron que &#8220;el sector de alimentos y bebidas nuevamente se destac\u00f3 por sus dificultades, con un 22,8% de las empresas indicando problemas (0,8 puntos m\u00e1s que en septiembre), seguido por el sector textil e indumentaria, donde 18,6% report\u00f3 inconvenientes&#8221;.<\/p>\n","protected":false},"excerpt":{"rendered":"<p>El dato a nivel interanual sigue evidenciando un proceso de recuperaci\u00f3n en el sector, ya que desde julio se fue atenuando el nivel de ca\u00edda cada mes hasta alcanzar en octubre el primer saldo positivo en m\u00e1s de un a\u00f1o y medio. En la comparaci\u00f3n mensual desestacionalizada, el \u00cdndice de Ventas Minoristas Pymes arroj\u00f3 que [&hellip;]<\/p>\n","protected":false},"author":1,"featured_media":4867,"comment_status":"open","ping_status":"open","sticky":false,"template":"","format":"standard","meta":{"footnotes":""},"categories":[129],"tags":[],"class_list":{"0":"post-4866","1":"post","2":"type-post","3":"status-publish","4":"format-standard","5":"has-post-thumbnail","7":"category-nacionales"},"_links":{"self":[{"href":"https:\/\/provinciadigital.com.ar\/index.php?rest_route=\/wp\/v2\/posts\/4866","targetHints":{"allow":["GET"]}}],"collection":[{"href":"https:\/\/provinciadigital.com.ar\/index.php?rest_route=\/wp\/v2\/posts"}],"about":[{"href":"https:\/\/provinciadigital.com.ar\/index.php?rest_route=\/wp\/v2\/types\/post"}],"author":[{"embeddable":true,"href":"https:\/\/provinciadigital.com.ar\/index.php?rest_route=\/wp\/v2\/users\/1"}],"replies":[{"embeddable":true,"href":"https:\/\/provinciadigital.com.ar\/index.php?rest_route=%2Fwp%2Fv2%2Fcomments&post=4866"}],"version-history":[{"count":1,"href":"https:\/\/provinciadigital.com.ar\/index.php?rest_route=\/wp\/v2\/posts\/4866\/revisions"}],"predecessor-version":[{"id":4868,"href":"https:\/\/provinciadigital.com.ar\/index.php?rest_route=\/wp\/v2\/posts\/4866\/revisions\/4868"}],"wp:featuredmedia":[{"embeddable":true,"href":"https:\/\/provinciadigital.com.ar\/index.php?rest_route=\/wp\/v2\/media\/4867"}],"wp:attachment":[{"href":"https:\/\/provinciadigital.com.ar\/index.php?rest_route=%2Fwp%2Fv2%2Fmedia&parent=4866"}],"wp:term":[{"taxonomy":"category","embeddable":true,"href":"https:\/\/provinciadigital.com.ar\/index.php?rest_route=%2Fwp%2Fv2%2Fcategories&post=4866"},{"taxonomy":"post_tag","embeddable":true,"href":"https:\/\/provinciadigital.com.ar\/index.php?rest_route=%2Fwp%2Fv2%2Ftags&post=4866"}],"curies":[{"name":"wp","href":"https:\/\/api.w.org\/{rel}","templated":true}]}}