{"id":4870,"date":"2024-11-05T12:35:09","date_gmt":"2024-11-05T12:35:09","guid":{"rendered":"https:\/\/provinciadigital.com.ar\/?p=4870"},"modified":"2024-11-05T12:35:12","modified_gmt":"2024-11-05T12:35:12","slug":"se-firmo-el-convenio-de-creacion-del-consorcio-de-la-autopista-presidente-peron","status":"publish","type":"post","link":"https:\/\/provinciadigital.com.ar\/?p=4870","title":{"rendered":"Se firm\u00f3 el convenio de creaci\u00f3n del Consorcio de la Autopista Presidente Per\u00f3n"},"content":{"rendered":"\n<p>Adhirieron al consorcio los intendentes de Florencio Varela, Andr\u00e9s Watson; de Ezeiza, Gast\u00f3n Granados; de Ituzaing\u00f3, Pablo Descalzo; de San Vicente, Nicol\u00e1s Mantegazza; y de Merlo, Gustavo Men\u00e9ndez.<\/p>\n\n\n\n<p>En ese marco, Kicillof afirm\u00f3: &#8220;Este convenio es el resultado de un trabajo que venimos realizando junto a un grupo de intendentes bonaerenses para institucionalizar el Consorcio de Gesti\u00f3n y Desarrollo de la Autopista Presidente Per\u00f3n&#8221;. &#8220;Esta es una de las tantas obras que el Gobierno nacional tiene totalmente paralizada en la provincia de Buenos Aires: trabajamos para que nos transfieran la jurisdicci\u00f3n y podamos hacernos cargo de este proyecto tan importante para las y los bonaerenses&#8221;, agreg\u00f3.<\/p>\n\n\n\n<p>&#8220;Junto a los y las intendentas de los municipios que se encuentran sobre la autopista estamos dispuestos a encarar las obras que quedaron inconclusas y a seguir trabajando en la planificaci\u00f3n de la zona&#8221;, destac\u00f3 el Gobernador y a\u00f1adi\u00f3: &#8220;No solo hay que dar una respuesta a los problemas de inseguridad con m\u00e1s postas policiales, sino tambi\u00e9n avanzar con un gran plan de desarrollo p\u00fablico y privado&#8221;.<\/p>\n\n\n\n<p>El consorcio tiene como objetivo impulsar el traspaso de jurisdicci\u00f3n de la \u00f3rbita nacional a la provincial para poder reactivar y finalizar las obras. Adem\u00e1s, busca dise\u00f1ar un plan integral para el entorno de la traza, que incluya el fortalecimiento de agrupamientos industriales, la mejora de las condiciones habitacionales de los barrios lindantes y una mayor inversi\u00f3n en materia sanitaria, educativa y de seguridad en la regi\u00f3n.<\/p>\n\n\n\n<p>Estuvieron presentes la jefa de Asesores del Gobernador, Cristina \u00c1lvarez Rodr\u00edguez; los ministros de Producci\u00f3n, Ciencia e Innovaci\u00f3n Tecnol\u00f3gica, Augusto Costa; de Salud, Nicol\u00e1s Kreplak; de Desarrollo de la Comunidad, Andr\u00e9s Larroque; y de Transporte, Jorge D&#8217;Onofrio; el director General de Cultura y Educaci\u00f3n, Alberto Sileoni; y la subsecretaria de Pol\u00edtica Ambiental, Tamara Basteiro.<\/p>\n","protected":false},"excerpt":{"rendered":"<p>Adhirieron al consorcio los intendentes de Florencio Varela, Andr\u00e9s Watson; de Ezeiza, Gast\u00f3n Granados; de Ituzaing\u00f3, Pablo Descalzo; de San Vicente, Nicol\u00e1s Mantegazza; y de Merlo, Gustavo Men\u00e9ndez. En ese marco, Kicillof afirm\u00f3: &#8220;Este convenio es el resultado de un trabajo que venimos realizando junto a un grupo de intendentes bonaerenses para institucionalizar el Consorcio [&hellip;]<\/p>\n","protected":false},"author":1,"featured_media":4871,"comment_status":"open","ping_status":"open","sticky":false,"template":"","format":"standard","meta":{"footnotes":""},"categories":[20],"tags":[],"class_list":{"0":"post-4870","1":"post","2":"type-post","3":"status-publish","4":"format-standard","5":"has-post-thumbnail","7":"category-provincia"},"_links":{"self":[{"href":"https:\/\/provinciadigital.com.ar\/index.php?rest_route=\/wp\/v2\/posts\/4870","targetHints":{"allow":["GET"]}}],"collection":[{"href":"https:\/\/provinciadigital.com.ar\/index.php?rest_route=\/wp\/v2\/posts"}],"about":[{"href":"https:\/\/provinciadigital.com.ar\/index.php?rest_route=\/wp\/v2\/types\/post"}],"author":[{"embeddable":true,"href":"https:\/\/provinciadigital.com.ar\/index.php?rest_route=\/wp\/v2\/users\/1"}],"replies":[{"embeddable":true,"href":"https:\/\/provinciadigital.com.ar\/index.php?rest_route=%2Fwp%2Fv2%2Fcomments&post=4870"}],"version-history":[{"count":1,"href":"https:\/\/provinciadigital.com.ar\/index.php?rest_route=\/wp\/v2\/posts\/4870\/revisions"}],"predecessor-version":[{"id":4872,"href":"https:\/\/provinciadigital.com.ar\/index.php?rest_route=\/wp\/v2\/posts\/4870\/revisions\/4872"}],"wp:featuredmedia":[{"embeddable":true,"href":"https:\/\/provinciadigital.com.ar\/index.php?rest_route=\/wp\/v2\/media\/4871"}],"wp:attachment":[{"href":"https:\/\/provinciadigital.com.ar\/index.php?rest_route=%2Fwp%2Fv2%2Fmedia&parent=4870"}],"wp:term":[{"taxonomy":"category","embeddable":true,"href":"https:\/\/provinciadigital.com.ar\/index.php?rest_route=%2Fwp%2Fv2%2Fcategories&post=4870"},{"taxonomy":"post_tag","embeddable":true,"href":"https:\/\/provinciadigital.com.ar\/index.php?rest_route=%2Fwp%2Fv2%2Ftags&post=4870"}],"curies":[{"name":"wp","href":"https:\/\/api.w.org\/{rel}","templated":true}]}}