{"id":4885,"date":"2024-11-07T12:36:03","date_gmt":"2024-11-07T12:36:03","guid":{"rendered":"https:\/\/provinciadigital.com.ar\/?p=4885"},"modified":"2024-11-07T12:36:06","modified_gmt":"2024-11-07T12:36:06","slug":"el-gobierno-denunciara-al-sindicato-aeronautico-apa-por-el-secuestro-de-pasajeros","status":"publish","type":"post","link":"https:\/\/provinciadigital.com.ar\/?p=4885","title":{"rendered":"El Gobierno denunciar\u00e1 al sindicato aeron\u00e1utico APA por &#8220;el secuestro de pasajeros&#8221;"},"content":{"rendered":"\n<p>El Gobierno denunciar\u00e1 ante la Justicia al sindicato aeron\u00e1utico APA por &#8220;abandono de personas, intimidaci\u00f3n p\u00fablica y bloqueo&#8221;, a ra\u00edz de la protesta que vienen llevando adelante los trabajadores de Intercargo en el Aeroparque Metropolitano.<\/p>\n\n\n\n<p>&#8220;Hay personas de reh\u00e9n, con ataques de p\u00e1nico y descompuestas, familias que estuvieron encerradas durante horas por culpa del delirio terrorista sindical. Un terrorismo sindical que para evitar perder privilegios busca poner en jaque el sistema aerocomercial de la Argentina&#8221;, sostuvo el vocero presidencial Manuel Adorni en una declaraci\u00f3n a la prensa en Casa Rosada.<\/p>\n\n\n\n<p>Y agreg\u00f3: &#8220;El Gobierno va a ir a la Justicia para denunciar abandono de personas, intimidaci\u00f3n p\u00fablica y bloqueo. El que las hace, las paga&#8221;.<\/p>\n\n\n\n<p>Previamente, Adorni hab\u00eda se\u00f1alado que la Polic\u00eda de Seguridad Aeroportuaria &#8220;est\u00e1 actuando para rescatar a aproximadamente 1.500 pasajeros que fueron secuestrados por empleados de Intercargo en 10 aviones de Jet Smart y Flybondi, con refuerzos de Gendarmer\u00eda y Prefectura para dar apoyo&#8221;.<\/p>\n\n\n\n<p><strong>Pliegos de jueces<\/strong><\/p>\n\n\n\n<p>Por otro lado, en la misma declaraci\u00f3n a la prensa, el funcionario confirm\u00f3 oficialmente que el Gobierno enviar\u00e1 al Senado los pliegos de 150 jueces, fiscales y defensores para cubrir la gran cantidad de vacantes existentes.<\/p>\n\n\n\n<p>&#8220;Esta cifra supera la cantidad que se envi\u00f3 durante el primer a\u00f1o de los mandatos de N\u00e9stor Kirchner, Cristina Fern\u00e1ndez de Kirchner y Mauricio Macri. Este Gobierno recibi\u00f3 una Justicia con vacantes del 30%, es decir que uno de cada tres juzgados no tiene juez. Adem\u00e1s, una de cada dos fiscal\u00edas no tiene fiscales&#8221;, detall\u00f3 Adorni.<\/p>\n\n\n\n<p>Dijo que el Poder Ejecutivo &#8220;espera que el Senado de la Naci\u00f3n tenga la sensatez de tomar esta iniciativa con responsabilidad absoluta&#8221;, ya que &#8220;los ciudadanos esperan que no haya m\u00e1s impunidad en la Rep\u00fablica Argentina&#8221;.<\/p>\n\n\n\n<p>El vocero estuvo acompa\u00f1ado por el secretario de Justicia, Sebasti\u00e1n Amerio, quien precis\u00f3 que actualmente existen 311 vacantes de jueces, 161 de fiscales y 80 de defensores. Al respecto, record\u00f3 la &#8220;preocupaci\u00f3n&#8221; que esas vacantes generan en organismos internacionales como el GAFI (Grupo de Acci\u00f3n Financiera Internacional), que en los \u00faltimos tiempos recomend\u00f3 al Gobierno cubrirlas.<\/p>\n\n\n\n<p>Seg\u00fan trascendi\u00f3, el env\u00edo de los pliegos a la C\u00e1mara alta se har\u00e1 en tandas de 20. Adem\u00e1s a todos los postulados hay que pedirles declaraci\u00f3n jurada y actualizaci\u00f3n del curr\u00edculum, pero algunos no lo enviaron a\u00fan.<\/p>\n\n\n\n<p><strong>Triunfo de Trump<\/strong><\/p>\n\n\n\n<p>El otro tema de la declaraci\u00f3n de Adorni fue el reciente triunfo electoral de Donald Trump para presidente de los Estados Unidos, sobre lo que reiter\u00f3 las felicitaciones del mandatario Javier Milei y destac\u00f3 la figura del l\u00edder republicano como &#8220;un exponente del mundo libre occidental y capitalista&#8221;.<\/p>\n\n\n\n<p>Adem\u00e1s, advirti\u00f3 que el liderazgo de Trump &#8220;va a encontrar un apoyo incondicional de nuestro pa\u00eds para defender la vida, la libertad y la propiedad&#8221;. &#8220;La Argentina y los Estados Unidos son un faro de libertad en un mundo que perdi\u00f3 el rumbo a manos de ideas err\u00f3neas. Juntos vamos a trabajar para recuperarlo&#8221;, cerr\u00f3.<\/p>\n","protected":false},"excerpt":{"rendered":"<p>El Gobierno denunciar\u00e1 ante la Justicia al sindicato aeron\u00e1utico APA por &#8220;abandono de personas, intimidaci\u00f3n p\u00fablica y bloqueo&#8221;, a ra\u00edz de la protesta que vienen llevando adelante los trabajadores de Intercargo en el Aeroparque Metropolitano. &#8220;Hay personas de reh\u00e9n, con ataques de p\u00e1nico y descompuestas, familias que estuvieron encerradas durante horas por culpa del delirio [&hellip;]<\/p>\n","protected":false},"author":1,"featured_media":4852,"comment_status":"open","ping_status":"open","sticky":false,"template":"","format":"standard","meta":{"footnotes":""},"categories":[129],"tags":[],"class_list":{"0":"post-4885","1":"post","2":"type-post","3":"status-publish","4":"format-standard","5":"has-post-thumbnail","7":"category-nacionales"},"_links":{"self":[{"href":"https:\/\/provinciadigital.com.ar\/index.php?rest_route=\/wp\/v2\/posts\/4885","targetHints":{"allow":["GET"]}}],"collection":[{"href":"https:\/\/provinciadigital.com.ar\/index.php?rest_route=\/wp\/v2\/posts"}],"about":[{"href":"https:\/\/provinciadigital.com.ar\/index.php?rest_route=\/wp\/v2\/types\/post"}],"author":[{"embeddable":true,"href":"https:\/\/provinciadigital.com.ar\/index.php?rest_route=\/wp\/v2\/users\/1"}],"replies":[{"embeddable":true,"href":"https:\/\/provinciadigital.com.ar\/index.php?rest_route=%2Fwp%2Fv2%2Fcomments&post=4885"}],"version-history":[{"count":1,"href":"https:\/\/provinciadigital.com.ar\/index.php?rest_route=\/wp\/v2\/posts\/4885\/revisions"}],"predecessor-version":[{"id":4886,"href":"https:\/\/provinciadigital.com.ar\/index.php?rest_route=\/wp\/v2\/posts\/4885\/revisions\/4886"}],"wp:featuredmedia":[{"embeddable":true,"href":"https:\/\/provinciadigital.com.ar\/index.php?rest_route=\/wp\/v2\/media\/4852"}],"wp:attachment":[{"href":"https:\/\/provinciadigital.com.ar\/index.php?rest_route=%2Fwp%2Fv2%2Fmedia&parent=4885"}],"wp:term":[{"taxonomy":"category","embeddable":true,"href":"https:\/\/provinciadigital.com.ar\/index.php?rest_route=%2Fwp%2Fv2%2Fcategories&post=4885"},{"taxonomy":"post_tag","embeddable":true,"href":"https:\/\/provinciadigital.com.ar\/index.php?rest_route=%2Fwp%2Fv2%2Ftags&post=4885"}],"curies":[{"name":"wp","href":"https:\/\/api.w.org\/{rel}","templated":true}]}}