{"id":4893,"date":"2024-11-13T12:20:51","date_gmt":"2024-11-13T12:20:51","guid":{"rendered":"https:\/\/provinciadigital.com.ar\/?p=4893"},"modified":"2024-11-13T12:20:52","modified_gmt":"2024-11-13T12:20:52","slug":"mas-de-120-mujeres-de-todo-el-pais-participaron-del-18vo-encuentro-regional-de-mujeres-lideres-en-el-concejo-deliberante-de-tigre","status":"publish","type":"post","link":"https:\/\/provinciadigital.com.ar\/?p=4893","title":{"rendered":"M\u00e1s de 120 mujeres de todo el pa\u00eds participaron del 18vo Encuentro Regional de Mujeres L\u00edderes en el Concejo Deliberante de Tigre"},"content":{"rendered":"\n<p>En el Concejo Deliberante de Tigre se celebr\u00f3 el 18vo encuentro del Programa Regional de Mujeres l\u00edderes. Del encuentro participaron m\u00e1s de 120 mujeres empresarias provenientes de todo el pa\u00eds, y cont\u00f3 con un panel de 10 mujeres l\u00edderes que compartieron sus experiencias, desaf\u00edos y trayectoria profesional en el \u00e1mbito empresarial.<br>Las anfitrionas del evento fueron las Concejales Sof\u00eda Bravo y Ximena Pereyra quienes destacaron la importancia de estos encuentros, resaltando el rol fundamental de la mujer empresaria en el desarrollo econ\u00f3mico y de la sociedad, as\u00ed como la relevancia del liderazgo femenino para el crecimiento del mundo empresarial.<br>La Presidente nacional de OAME (Organizaci\u00f3n Argentina de Mujeres Empresarias), Patricia Isabel Garc\u00eda, impulsora del encuentro, resalt\u00f3 la necesidad de seguir acompa\u00f1ando y promoviendo estas reuniones que son claves para el liderazgo femenino en el \u00e1mbito empresarial.<br>Este evento cont\u00f3 con un destacado panel de empresarias que compartieron sus experiencias y aprendizajes en el \u00e1mbito empresarial, en un espacio dise\u00f1ado para visibilizar a mujeres l\u00edderes, promover el apoyo mutuo y fomentar el crecimiento econ\u00f3mico a trav\u00e9s del empoderamiento femenino.<br>La presidenta de OAME Delegaci\u00f3n Buenos Aires, Dra. Susana Agras, destac\u00f3 la importancia de este encuentro como una plataforma para fortalecer el liderazgo de las mujeres y generar un impacto positivo en la comunidad. &#8220;Es un espacio para la reflexi\u00f3n, el intercambio de ideas y la motivaci\u00f3n, donde cada participante puede encontrar inspiraci\u00f3n y apoyo para sus proyectos&#8221;, afirm\u00f3 Agras.<br>Por su parte Irini Wentick, Presidente de la Comisi\u00f3n de G\u00e9nero y Diversidad de la Uni\u00f3n Industrial Argentina, destac\u00f3 \u201cLa mujer en la industria argentina ha demostrado ser una fuerza transformadora y resiliente. A lo largo de los a\u00f1os, hemos superado barreras y desaf\u00edos para ocupar roles de liderazgo, aportar innovaci\u00f3n y contribuir al desarrollo de nuestras empresas y comunidades&#8221;.<br>Las panelistas invitadas, provenientes de diversas \u00e1reas de la industria, inspiraron a las asistentes al compartir sus desaf\u00edos y logros en sus respectivas trayectorias profesionales.<br>Entre las destacadas expositoras de esta edici\u00f3n se encontraban:<br>Juana Costantini Ceo Directora Revista Nordelta; Valeria Smolinsky Directora de RECSA; Maria Teresa Costantini, Cofundadora Fundaci\u00f3n Nordelta; Rosal\u00eda Fucello, Presidente de Fundaci\u00f3n Labradoras; Natalia Morabito, Presidente de la C\u00e1mara de Comercio de Gral. Pacheco; Valeria Parodi, CEO de Academia Asesores y Consultora de Imagen y Comunicaci\u00f3n; Ana Laura Mari, Ex Ceo de Tandanor; Natalia Lovarvo, Emprendedora textil, representante de Salsipuedes; Laura Mart\u00ednez D\u2019Auro, CEO de Carina Cursos N\u00e1uticos; Liliana Caserta, Representante de Sero Electric Nordelta y Growth Partner en Scuderia Ferrari.<br>El evento reforz\u00f3 el compromiso de OAME con el fortalecimiento y liderazgo de las mujeres en el \u00e1mbito empresarial, promoviendo pol\u00edticas inclusivas y oportunidades de crecimiento econ\u00f3mico en la regi\u00f3n.<\/p>\n","protected":false},"excerpt":{"rendered":"<p>En el Concejo Deliberante de Tigre se celebr\u00f3 el 18vo encuentro del Programa Regional de Mujeres l\u00edderes. Del encuentro participaron m\u00e1s de 120 mujeres empresarias provenientes de todo el pa\u00eds, y cont\u00f3 con un panel de 10 mujeres l\u00edderes que compartieron sus experiencias, desaf\u00edos y trayectoria profesional en el \u00e1mbito empresarial.Las anfitrionas del evento fueron [&hellip;]<\/p>\n","protected":false},"author":1,"featured_media":4894,"comment_status":"open","ping_status":"open","sticky":false,"template":"","format":"standard","meta":{"footnotes":""},"categories":[115],"tags":[],"class_list":{"0":"post-4893","1":"post","2":"type-post","3":"status-publish","4":"format-standard","5":"has-post-thumbnail","7":"category-tigre"},"_links":{"self":[{"href":"https:\/\/provinciadigital.com.ar\/index.php?rest_route=\/wp\/v2\/posts\/4893","targetHints":{"allow":["GET"]}}],"collection":[{"href":"https:\/\/provinciadigital.com.ar\/index.php?rest_route=\/wp\/v2\/posts"}],"about":[{"href":"https:\/\/provinciadigital.com.ar\/index.php?rest_route=\/wp\/v2\/types\/post"}],"author":[{"embeddable":true,"href":"https:\/\/provinciadigital.com.ar\/index.php?rest_route=\/wp\/v2\/users\/1"}],"replies":[{"embeddable":true,"href":"https:\/\/provinciadigital.com.ar\/index.php?rest_route=%2Fwp%2Fv2%2Fcomments&post=4893"}],"version-history":[{"count":1,"href":"https:\/\/provinciadigital.com.ar\/index.php?rest_route=\/wp\/v2\/posts\/4893\/revisions"}],"predecessor-version":[{"id":4895,"href":"https:\/\/provinciadigital.com.ar\/index.php?rest_route=\/wp\/v2\/posts\/4893\/revisions\/4895"}],"wp:featuredmedia":[{"embeddable":true,"href":"https:\/\/provinciadigital.com.ar\/index.php?rest_route=\/wp\/v2\/media\/4894"}],"wp:attachment":[{"href":"https:\/\/provinciadigital.com.ar\/index.php?rest_route=%2Fwp%2Fv2%2Fmedia&parent=4893"}],"wp:term":[{"taxonomy":"category","embeddable":true,"href":"https:\/\/provinciadigital.com.ar\/index.php?rest_route=%2Fwp%2Fv2%2Fcategories&post=4893"},{"taxonomy":"post_tag","embeddable":true,"href":"https:\/\/provinciadigital.com.ar\/index.php?rest_route=%2Fwp%2Fv2%2Ftags&post=4893"}],"curies":[{"name":"wp","href":"https:\/\/api.w.org\/{rel}","templated":true}]}}