{"id":4896,"date":"2024-11-14T12:54:07","date_gmt":"2024-11-14T12:54:07","guid":{"rendered":"https:\/\/provinciadigital.com.ar\/?p=4896"},"modified":"2024-11-14T12:54:08","modified_gmt":"2024-11-14T12:54:08","slug":"kicillof-entrego-viviendas-e-inauguro-la-reconstruccion-de-un-tramo-de-la-ruta-provincial-n32","status":"publish","type":"post","link":"https:\/\/provinciadigital.com.ar\/?p=4896","title":{"rendered":"Kicillof entreg\u00f3 viviendas e inaugur\u00f3 la reconstrucci\u00f3n de un tramo de la ruta provincial N\u00b032"},"content":{"rendered":"\n<p>El gobernador de la provincia de Buenos Aires, Axel Kicillof, encabez\u00f3 este mi\u00e9rcoles el acto de entrega de viviendas para familias de Salto, donde inaugur\u00f3 adem\u00e1s la reconstrucci\u00f3n de calzada de un tramo de la Ruta Provincial N\u00b032. Fue junto al ministro de Infraestructura y Servicios P\u00fablicos, Gabriel Katopodis; la ministra de H\u00e1bitat y Desarrollo Urbano, Silvina Batakis; el intendente, Ricardo Alessandro; y el secretario y coordinador general de Gobierno local, Camilo Alessandro.<\/p>\n\n\n\n<p>En ese marco, Kicillof destac\u00f3: &#8220;Si bien la provincia est\u00e1 sufriendo las consecuencias de los recortes y el abandono del Gobierno nacional, aqu\u00ed tenemos muy claro cu\u00e1les son nuestras prioridades: esta es la obra p\u00fablica que trae m\u00e1s bienestar a los y las bonaerenses&#8221;. &#8220;Sin un Estado dedicado a generar igualdad all\u00ed donde no llega el mercado, no hay posibilidades de construir las rutas, los puentes y la infraestructura que permitan crecer y desarrollarse a los municipios del interior&#8221;, agreg\u00f3.<\/p>\n\n\n\n<p>A partir de una inversi\u00f3n de $15.104 millones, se reconstruyeron 31 kil\u00f3metros de la RP N\u00b032, en el tramo Arroyo Dulce &#8211; Rotonda de Salto. Las obras incluyeron la puesta en valor de un puente emplazado sobre el r\u00edo, la construcci\u00f3n de d\u00e1rsenas y la instalaci\u00f3n de nueva iluminaci\u00f3n, facilitando tambi\u00e9n el traslado de la producci\u00f3n agr\u00edcola y ganadera hacia el puerto de Rosario.<\/p>\n\n\n\n<p>A respecto, Katopodis remarc\u00f3: &#8220;El 55% de la producci\u00f3n que transita por nuestro pa\u00eds lo hace por la provincia de Buenos Aires: por ese motivo es fundamental el trabajo que estamos realizando para poner en valor toda la infraestructura vial bonaerense&#8221;. En ese sentido, se\u00f1al\u00f3 que &#8220;esta inauguraci\u00f3n era muy importante porque la RP N\u00ba32 es el cuarto corredor log\u00edstico productivo de la Provincia&#8221;.<\/p>\n\n\n\n<p>Kicillof entreg\u00f3 adem\u00e1s 64 computadoras a estudiantes de escuelas secundarias del distrito y puso en funcionamiento un cami\u00f3n de caja abierta para fortalecer la gesti\u00f3n de residuos s\u00f3lidos urbanos. Las autoridades suscribieron un convenio para ejecutar obras de conexi\u00f3n de agua potable y cloacas en 50 lotes ubicados en la costanera de Salto, en tanto que el Gobernador anunci\u00f3 que la Provincia sanear\u00e1 el basural a cielo abierto del municipio y se har\u00e1 cargo de la pavimentaci\u00f3n del acceso a Berdier, proyecto paralizado por el Gobierno nacional.<\/p>\n\n\n\n<p>&#8220;Estamos cumpliendo con el mandato y con el compromiso que asumimos con nuestro pueblo: para ampliar derechos necesitamos pol\u00edticas p\u00fablicas que promuevan la igualdad, la equidad territorial y la justicia social all\u00ed donde hay m\u00e1s postergaciones&#8221;, explic\u00f3 Kicillof y a\u00f1adi\u00f3: &#8220;En la provincia de Buenos Aires estamos absolutamente en contra de la cruel idea de la obra p\u00fablica cero: nunca de esa manera llegar\u00e1n las soluciones que necesitan los bonaerenses&#8221;.<\/p>\n\n\n\n<p>Por su parte, el intendente Alessandro afirm\u00f3: &#8220;Vivimos en Salto un d\u00eda completo de actividades junto al Gobernador, con quien participamos de la inauguraci\u00f3n de rutas y la entrega de viviendas&#8221;. &#8220;Seguiremos contando con las obras que hacen crecer a nuestro municipios gracias al trabajo mancomunado con la Provincia&#8221;, indic\u00f3.<\/p>\n\n\n\n<p><strong>Actividades en la localidad de Gahan<\/strong><\/p>\n\n\n\n<p>A continuaci\u00f3n, el Gobernador entreg\u00f3 12 viviendas para familias de Gahan, una localidad de 650 habitantes ubicada a 19 kil\u00f3metros de la ciudad cabecera, en donde hac\u00eda m\u00e1s de 30 a\u00f1os que no se constru\u00edan soluciones habitacionales.<\/p>\n\n\n\n<p>&#8220;Esta entrega de viviendas es el resultado de un Gobierno provincial presente que trabaja de manera articulada con los municipios para dar respuestas r\u00e1pidas y eficientes: la funci\u00f3n principal de un Estado es que cada uno de los habitantes tenga una mejor expectativa de cara al futuro&#8221;, sostuvo Batakis.<\/p>\n\n\n\n<p>Durante su visita a la localidad, Kicillof recorri\u00f3 tambi\u00e9n la obra de la Estaci\u00f3n Transformadora (ET) de Gahan, que est\u00e1 cerca de finalizar tras una inversi\u00f3n de $3.443 millones destinada a favorecer el desarrollo industrial en la regi\u00f3n.<\/p>\n\n\n\n<p>Por \u00faltimo, Kicillof remarc\u00f3: &#8220;Vamos a seguir invirtiendo en viviendas, rutas y estaciones transformadoras porque tenemos un programa de gobierno que piensa en el interior de la provincia, en el arraigo y en que se pueda desarrollar una vida plena de derechos en todo el territorio bonaerense&#8221;.<\/p>\n\n\n\n<p>Participaron de las actividades los administradores generales del Instituto de la Vivienda, Diego Men\u00e9ndez; y de la Direcci\u00f3n Provincial de Vialidad, Roberto Caggiano; el subadministrador del Instituto de la Vivienda, Hern\u00e1n Ralinqueo; los subsecretarios de Energ\u00eda, Gast\u00f3n Ghioni; de Desarrollo Agrario y Calidad Agroalimentaria, Cristian Amarilla; y de Educaci\u00f3n, Pablo Urquiza; el diputado provincial Carlos Puglelli; la responsable de la Unidad de Cooperaci\u00f3n y Financiamiento Internacional del Ministerio de Ambiente, Nadia Moragas; los intendentes de Exaltaci\u00f3n de la Cruz, Diego Nanni; y de Chacabuco, Dar\u00edo Gol\u00eda; funcionarios y funcionarias locales.<\/p>\n","protected":false},"excerpt":{"rendered":"<p>El gobernador de la provincia de Buenos Aires, Axel Kicillof, encabez\u00f3 este mi\u00e9rcoles el acto de entrega de viviendas para familias de Salto, donde inaugur\u00f3 adem\u00e1s la reconstrucci\u00f3n de calzada de un tramo de la Ruta Provincial N\u00b032. Fue junto al ministro de Infraestructura y Servicios P\u00fablicos, Gabriel Katopodis; la ministra de H\u00e1bitat y Desarrollo [&hellip;]<\/p>\n","protected":false},"author":1,"featured_media":4897,"comment_status":"open","ping_status":"open","sticky":false,"template":"","format":"standard","meta":{"footnotes":""},"categories":[20],"tags":[],"class_list":{"0":"post-4896","1":"post","2":"type-post","3":"status-publish","4":"format-standard","5":"has-post-thumbnail","7":"category-provincia"},"_links":{"self":[{"href":"https:\/\/provinciadigital.com.ar\/index.php?rest_route=\/wp\/v2\/posts\/4896","targetHints":{"allow":["GET"]}}],"collection":[{"href":"https:\/\/provinciadigital.com.ar\/index.php?rest_route=\/wp\/v2\/posts"}],"about":[{"href":"https:\/\/provinciadigital.com.ar\/index.php?rest_route=\/wp\/v2\/types\/post"}],"author":[{"embeddable":true,"href":"https:\/\/provinciadigital.com.ar\/index.php?rest_route=\/wp\/v2\/users\/1"}],"replies":[{"embeddable":true,"href":"https:\/\/provinciadigital.com.ar\/index.php?rest_route=%2Fwp%2Fv2%2Fcomments&post=4896"}],"version-history":[{"count":1,"href":"https:\/\/provinciadigital.com.ar\/index.php?rest_route=\/wp\/v2\/posts\/4896\/revisions"}],"predecessor-version":[{"id":4898,"href":"https:\/\/provinciadigital.com.ar\/index.php?rest_route=\/wp\/v2\/posts\/4896\/revisions\/4898"}],"wp:featuredmedia":[{"embeddable":true,"href":"https:\/\/provinciadigital.com.ar\/index.php?rest_route=\/wp\/v2\/media\/4897"}],"wp:attachment":[{"href":"https:\/\/provinciadigital.com.ar\/index.php?rest_route=%2Fwp%2Fv2%2Fmedia&parent=4896"}],"wp:term":[{"taxonomy":"category","embeddable":true,"href":"https:\/\/provinciadigital.com.ar\/index.php?rest_route=%2Fwp%2Fv2%2Fcategories&post=4896"},{"taxonomy":"post_tag","embeddable":true,"href":"https:\/\/provinciadigital.com.ar\/index.php?rest_route=%2Fwp%2Fv2%2Ftags&post=4896"}],"curies":[{"name":"wp","href":"https:\/\/api.w.org\/{rel}","templated":true}]}}