{"id":4908,"date":"2024-11-20T12:32:04","date_gmt":"2024-11-20T12:32:04","guid":{"rendered":"https:\/\/provinciadigital.com.ar\/?p=4908"},"modified":"2024-11-20T12:32:05","modified_gmt":"2024-11-20T12:32:05","slug":"junto-a-patricia-bullrich-ramon-lanus-presento-33-patrulleros-nuevos-que-se-suman-para-reforzar-la-seguridad-de-san-isidro","status":"publish","type":"post","link":"https:\/\/provinciadigital.com.ar\/?p=4908","title":{"rendered":"Junto a Patricia Bullrich, Ram\u00f3n Lan\u00fas present\u00f3 33 patrulleros nuevos que se suman para reforzar la seguridad de San Isidro"},"content":{"rendered":"\n<p>La seguridad es la principal preocupaci\u00f3n de los vecinos y, por eso, el eje prioritario de la gesti\u00f3n de San Isidro. En ese marco, en un acto realizado esta ma\u00f1ana en el Parque P\u00fablico de Villa Adelina, el intendente, Ram\u00f3n Lan\u00fas, junto con la ministra de Seguridad, Patricia Bullrich, present\u00f3 33 nuevos patrulleros que se suman desde hoy a la patrulla local. Con esta nueva adquisici\u00f3n, la Patrulla Municipal de San Isidro alcanza un total de 120 m\u00f3viles policiales y 46 motos que patrullan las calles las 24 horas, los 365 d\u00edas del a\u00f1o.<\/p>\n\n\n\n<p>Se trata de camionetas Toyota Hilux 4&#215;4, totalmente blindadas, con sistemas de comunicaci\u00f3n, GPS y c\u00e1maras de \u00faltima tecnolog\u00eda que permiten realizar un seguimiento en vivo de los recorridos por las 40 cuadr\u00edculas del distrito.<\/p>\n\n\n\n<p>&#8220;Esta adquisici\u00f3n es una muestra clara de que nuestro compromiso con la seguridad es total&#8221;, sostuvo el intendente Ram\u00f3n Lan\u00fas, durante el acto. &#8220;En estos 11 meses trabajamos en conjunto con la polic\u00eda de la Provincia, con Gendarmer\u00eda y las fiscal\u00edas; aumentamos un 20% el patrullaje, creci\u00f3 un 40% la cantidad de detenciones y baj\u00f3 el robo de motos; estamos siendo implacables con el delito&#8221;, agreg\u00f3. Y al finalizar anunci\u00f3 la compra de otras 18 patrullas nuevas antes de fin de a\u00f1o: &#8220;es posible porque estamos cuidando el mango; con licitaciones transparentes y competitivas ahorramos plata y podemos reinvertir en m\u00e1s seguridad para nuestras familias&#8221;.<\/p>\n\n\n\n<p>&#8220;Argentina est\u00e1 cambiando. Los delitos est\u00e1n bajando y eso se consigue trabajando en equipo: el gobierno nacional, con el provincial y el municipal. Tambi\u00e9n recuperamos el orgullo por las fuerzas de seguridad y hoy el orden p\u00fablico rige en nuestro pa\u00eds&#8221;, manifest\u00f3 Patricia Bullrich sobre el rumbo nacional. Tambi\u00e9n se refiri\u00f3 espec\u00edficamente a San Isidro: &#8220;Felicitaciones Ram\u00f3n por ponerte este municipio al hombro y por las transformaciones que est\u00e1s impulsando&#8221;.<\/p>\n","protected":false},"excerpt":{"rendered":"<p>La seguridad es la principal preocupaci\u00f3n de los vecinos y, por eso, el eje prioritario de la gesti\u00f3n de San Isidro. En ese marco, en un acto realizado esta ma\u00f1ana en el Parque P\u00fablico de Villa Adelina, el intendente, Ram\u00f3n Lan\u00fas, junto con la ministra de Seguridad, Patricia Bullrich, present\u00f3 33 nuevos patrulleros que se [&hellip;]<\/p>\n","protected":false},"author":1,"featured_media":4909,"comment_status":"open","ping_status":"open","sticky":false,"template":"","format":"standard","meta":{"footnotes":""},"categories":[117],"tags":[],"class_list":{"0":"post-4908","1":"post","2":"type-post","3":"status-publish","4":"format-standard","5":"has-post-thumbnail","7":"category-san-isidro"},"_links":{"self":[{"href":"https:\/\/provinciadigital.com.ar\/index.php?rest_route=\/wp\/v2\/posts\/4908","targetHints":{"allow":["GET"]}}],"collection":[{"href":"https:\/\/provinciadigital.com.ar\/index.php?rest_route=\/wp\/v2\/posts"}],"about":[{"href":"https:\/\/provinciadigital.com.ar\/index.php?rest_route=\/wp\/v2\/types\/post"}],"author":[{"embeddable":true,"href":"https:\/\/provinciadigital.com.ar\/index.php?rest_route=\/wp\/v2\/users\/1"}],"replies":[{"embeddable":true,"href":"https:\/\/provinciadigital.com.ar\/index.php?rest_route=%2Fwp%2Fv2%2Fcomments&post=4908"}],"version-history":[{"count":1,"href":"https:\/\/provinciadigital.com.ar\/index.php?rest_route=\/wp\/v2\/posts\/4908\/revisions"}],"predecessor-version":[{"id":4910,"href":"https:\/\/provinciadigital.com.ar\/index.php?rest_route=\/wp\/v2\/posts\/4908\/revisions\/4910"}],"wp:featuredmedia":[{"embeddable":true,"href":"https:\/\/provinciadigital.com.ar\/index.php?rest_route=\/wp\/v2\/media\/4909"}],"wp:attachment":[{"href":"https:\/\/provinciadigital.com.ar\/index.php?rest_route=%2Fwp%2Fv2%2Fmedia&parent=4908"}],"wp:term":[{"taxonomy":"category","embeddable":true,"href":"https:\/\/provinciadigital.com.ar\/index.php?rest_route=%2Fwp%2Fv2%2Fcategories&post=4908"},{"taxonomy":"post_tag","embeddable":true,"href":"https:\/\/provinciadigital.com.ar\/index.php?rest_route=%2Fwp%2Fv2%2Ftags&post=4908"}],"curies":[{"name":"wp","href":"https:\/\/api.w.org\/{rel}","templated":true}]}}