{"id":4914,"date":"2024-11-22T15:10:36","date_gmt":"2024-11-22T15:10:36","guid":{"rendered":"https:\/\/provinciadigital.com.ar\/?p=4914"},"modified":"2024-11-22T15:10:37","modified_gmt":"2024-11-22T15:10:37","slug":"las-pymes-advierten-sobre-el-impacto-en-el-sector-ante-la-apertura-de-importaciones","status":"publish","type":"post","link":"https:\/\/provinciadigital.com.ar\/?p=4914","title":{"rendered":"Las pymes advierten sobre el impacto en el sector ante la apertura de importaciones"},"content":{"rendered":"\n<p>El presidente de Industriales Pymes Argentinos (IPA), Daniel Rosato, alert\u00f3 sobre el cierre de 25.000 Pymes y la p\u00e9rdida de 300.000 empleos el a\u00f1o pr\u00f3ximo en caso que se profundicen los beneficios para la importaci\u00f3n de productos terminados y se sostiene la presi\u00f3n impositiva local.<\/p>\n\n\n\n<p>&#8220;El efecto de la quita del Impuesto PAIS y del cepo cambiario, sin una estrategia de producci\u00f3n nacional, ser\u00eda m\u00e1s da\u00f1ino que la recesi\u00f3n del primer semestre, que dej\u00f3 a casi 46.000 trabajadores que pertenec\u00edan a la industria manufacturera, seg\u00fan el \u00faltimo informe del Observatorio IPA&#8221;, se\u00f1alaron dese el sector.<\/p>\n\n\n\n<p>Rosato se\u00f1al\u00f3 que &#8220;hay tres factores que son positivos y deseados por la econom\u00eda, pero que si no van acompa\u00f1adas por una estrategia para alentar a la producci\u00f3n nacional podr\u00edan ser muy perjudiciales&#8221;.<\/p>\n\n\n\n<p>En ese sentido, el industrial identific\u00f3 a: 1) La baja de barreras para la importaci\u00f3n, 2) la eliminaci\u00f3n del impuesto PAIS y 3) la quita del cepo cambiario que a alentar\u00e1 las importaciones.<\/p>\n\n\n\n<p>El presidente de IPA se\u00f1al\u00f3 que la primera consecuencia que se espera es un &#8220;mayor desempleo&#8221;, porque &#8220;ser\u00e1n miles de trabajadores que las pymes dejar\u00e1n en la calle si se produce esta apertura&#8221;.<\/p>\n\n\n\n<p>&#8220;Es muy peligroso para la econom\u00eda, porque podr\u00eda generar el cierre de 25.000 Pymes, debido a la falta de competitividad, lo que provocar\u00eda unos 300.000 puestos que se pueden llegar a perder durante 2025&#8221;, insisti\u00f3.<\/p>\n\n\n\n<p>Rosato advirti\u00f3 que &#8220;hay sectores enteros que desaparecer\u00edan, como textil, calzado, bienes de capital, metal\u00fargicas, aberturas, construcci\u00f3n de galpones, entre otros&#8221;, alert\u00f3.<\/p>\n\n\n\n<p>De hecho, Rosato se\u00f1al\u00f3 que en la actualidad los sectores sensibles de la econom\u00eda &#8220;ya est\u00e1n sufriendo los efectos de la flexibilizaci\u00f3n de los controles y de la apertura de la importaci\u00f3n&#8221;, pero enfatiz\u00f3 que la rebaja del 7,5% que significa la desactivaci\u00f3n del Impuesto PAIS &#8220;significar\u00e1 en los hechos concretos menos aranceles para los productos terminados, que cuentan con grandes beneficios de origen, como sucede en pa\u00edses como China, que buscan ganar mercados para agrandar su econom\u00eda&#8221;.<\/p>\n\n\n\n<p>&#8220;Hay que tomar los recaudos. Por eso insistimos en la necesidad de abrir el di\u00e1logo con el Gobierno, porque se tratan de sectores necesarios para sostener empleo y evitar m\u00e1s pobreza en el Conurbano bonaerense. Todos queremos que se termine el cepo cambiario, pero que los d\u00f3lares se utilicen para pagar importaciones de productos terminados servir\u00e1 para subsidiar el empleo en otros pa\u00edses&#8221;, asegur\u00f3.<\/p>\n\n\n\n<p>Seg\u00fan el nuevo informe del Observatorio IPA, que coordina el economista Federico Vaccarezza, &#8220;las pymes contin\u00faan enfrentando serias dificultades para competir en el mercado interno y acceder a mercados internacionales&#8221;.<\/p>\n\n\n\n<p>Esta situaci\u00f3n se debe a &#8220;la falta de financiamiento, la falta de competitividad, y los costos elevados para importar y exportar limitan la expansi\u00f3n de este sector clave&#8221;.<\/p>\n\n\n\n<p>&#8220;Las pol\u00edticas econ\u00f3micas han favorecido a las grandes empresas, dejando a las Pymes en una posici\u00f3n desventajosa&#8221;, alert\u00f3.<\/p>\n\n\n\n<p>En esa l\u00ednea sostuvo que &#8220;las perspectivas para 2025 dependen en gran medida de la capacidad del Gobierno para implementar pol\u00edticas econ\u00f3micas que favorezcan la recuperaci\u00f3n sostenida&#8221;.<\/p>\n","protected":false},"excerpt":{"rendered":"<p>El presidente de Industriales Pymes Argentinos (IPA), Daniel Rosato, alert\u00f3 sobre el cierre de 25.000 Pymes y la p\u00e9rdida de 300.000 empleos el a\u00f1o pr\u00f3ximo en caso que se profundicen los beneficios para la importaci\u00f3n de productos terminados y se sostiene la presi\u00f3n impositiva local. &#8220;El efecto de la quita del Impuesto PAIS y del [&hellip;]<\/p>\n","protected":false},"author":1,"featured_media":4915,"comment_status":"open","ping_status":"open","sticky":false,"template":"","format":"standard","meta":{"footnotes":""},"categories":[129],"tags":[],"class_list":{"0":"post-4914","1":"post","2":"type-post","3":"status-publish","4":"format-standard","5":"has-post-thumbnail","7":"category-nacionales"},"_links":{"self":[{"href":"https:\/\/provinciadigital.com.ar\/index.php?rest_route=\/wp\/v2\/posts\/4914","targetHints":{"allow":["GET"]}}],"collection":[{"href":"https:\/\/provinciadigital.com.ar\/index.php?rest_route=\/wp\/v2\/posts"}],"about":[{"href":"https:\/\/provinciadigital.com.ar\/index.php?rest_route=\/wp\/v2\/types\/post"}],"author":[{"embeddable":true,"href":"https:\/\/provinciadigital.com.ar\/index.php?rest_route=\/wp\/v2\/users\/1"}],"replies":[{"embeddable":true,"href":"https:\/\/provinciadigital.com.ar\/index.php?rest_route=%2Fwp%2Fv2%2Fcomments&post=4914"}],"version-history":[{"count":1,"href":"https:\/\/provinciadigital.com.ar\/index.php?rest_route=\/wp\/v2\/posts\/4914\/revisions"}],"predecessor-version":[{"id":4916,"href":"https:\/\/provinciadigital.com.ar\/index.php?rest_route=\/wp\/v2\/posts\/4914\/revisions\/4916"}],"wp:featuredmedia":[{"embeddable":true,"href":"https:\/\/provinciadigital.com.ar\/index.php?rest_route=\/wp\/v2\/media\/4915"}],"wp:attachment":[{"href":"https:\/\/provinciadigital.com.ar\/index.php?rest_route=%2Fwp%2Fv2%2Fmedia&parent=4914"}],"wp:term":[{"taxonomy":"category","embeddable":true,"href":"https:\/\/provinciadigital.com.ar\/index.php?rest_route=%2Fwp%2Fv2%2Fcategories&post=4914"},{"taxonomy":"post_tag","embeddable":true,"href":"https:\/\/provinciadigital.com.ar\/index.php?rest_route=%2Fwp%2Fv2%2Ftags&post=4914"}],"curies":[{"name":"wp","href":"https:\/\/api.w.org\/{rel}","templated":true}]}}