{"id":4920,"date":"2024-11-25T12:02:52","date_gmt":"2024-11-25T12:02:52","guid":{"rendered":"https:\/\/provinciadigital.com.ar\/?p=4920"},"modified":"2024-11-25T12:02:53","modified_gmt":"2024-11-25T12:02:53","slug":"mas-de-5-mil-vecinos-participaron-de-una-nueva-edicion-de-boulogne-corre","status":"publish","type":"post","link":"https:\/\/provinciadigital.com.ar\/?p=4920","title":{"rendered":"M\u00e1s de 5 mil vecinos participaron de una nueva edici\u00f3n de &#8220;Boulogne Corre&#8221;"},"content":{"rendered":"\n<p>&#8220;Una alegr\u00eda esta nueva edici\u00f3n de Boulogne Corre con tantos vecinos sum\u00e1ndose a correr con un fin solidario. Desde el municipio seguimos trabajando para impulsar el deporte porque es formador de valores, motor de inclusi\u00f3n social y hace a una mejor calidad de vida&#8221;, afirm\u00f3 el intendente Ram\u00f3n Lan\u00fas.<\/p>\n\n\n\n<p>El punto de partida fue en avenida Avelino Rol\u00f3n y Verduga, y el recorrido se hizo a lo largo de las calles principales de la ciudad. La carrera tuvo una distancia competitiva de ocho kil\u00f3metros, otra de cuatro kil\u00f3metros y una participativa de un kil\u00f3metro.<\/p>\n\n\n\n<p>El evento fue a beneficio de comedores y merenderos de Boulogne, que recibir\u00e1n los alimentos no perecederos que llevaron los participantes.<\/p>\n\n\n\n<p>Los ganadores de la competencia fueron Brian Arnedo, que logr\u00f3 el tiempo de 25 minutos y 6 segundos en los 8km, y Luis Benitez con un tiempo de 15 minutos y 3 segundos en los 4km.<\/p>\n","protected":false},"excerpt":{"rendered":"<p>&#8220;Una alegr\u00eda esta nueva edici\u00f3n de Boulogne Corre con tantos vecinos sum\u00e1ndose a correr con un fin solidario. Desde el municipio seguimos trabajando para impulsar el deporte porque es formador de valores, motor de inclusi\u00f3n social y hace a una mejor calidad de vida&#8221;, afirm\u00f3 el intendente Ram\u00f3n Lan\u00fas. El punto de partida fue en [&hellip;]<\/p>\n","protected":false},"author":1,"featured_media":4921,"comment_status":"open","ping_status":"open","sticky":false,"template":"","format":"standard","meta":{"footnotes":""},"categories":[117],"tags":[],"class_list":{"0":"post-4920","1":"post","2":"type-post","3":"status-publish","4":"format-standard","5":"has-post-thumbnail","7":"category-san-isidro"},"_links":{"self":[{"href":"https:\/\/provinciadigital.com.ar\/index.php?rest_route=\/wp\/v2\/posts\/4920","targetHints":{"allow":["GET"]}}],"collection":[{"href":"https:\/\/provinciadigital.com.ar\/index.php?rest_route=\/wp\/v2\/posts"}],"about":[{"href":"https:\/\/provinciadigital.com.ar\/index.php?rest_route=\/wp\/v2\/types\/post"}],"author":[{"embeddable":true,"href":"https:\/\/provinciadigital.com.ar\/index.php?rest_route=\/wp\/v2\/users\/1"}],"replies":[{"embeddable":true,"href":"https:\/\/provinciadigital.com.ar\/index.php?rest_route=%2Fwp%2Fv2%2Fcomments&post=4920"}],"version-history":[{"count":1,"href":"https:\/\/provinciadigital.com.ar\/index.php?rest_route=\/wp\/v2\/posts\/4920\/revisions"}],"predecessor-version":[{"id":4922,"href":"https:\/\/provinciadigital.com.ar\/index.php?rest_route=\/wp\/v2\/posts\/4920\/revisions\/4922"}],"wp:featuredmedia":[{"embeddable":true,"href":"https:\/\/provinciadigital.com.ar\/index.php?rest_route=\/wp\/v2\/media\/4921"}],"wp:attachment":[{"href":"https:\/\/provinciadigital.com.ar\/index.php?rest_route=%2Fwp%2Fv2%2Fmedia&parent=4920"}],"wp:term":[{"taxonomy":"category","embeddable":true,"href":"https:\/\/provinciadigital.com.ar\/index.php?rest_route=%2Fwp%2Fv2%2Fcategories&post=4920"},{"taxonomy":"post_tag","embeddable":true,"href":"https:\/\/provinciadigital.com.ar\/index.php?rest_route=%2Fwp%2Fv2%2Ftags&post=4920"}],"curies":[{"name":"wp","href":"https:\/\/api.w.org\/{rel}","templated":true}]}}