{"id":4940,"date":"2024-11-29T16:56:31","date_gmt":"2024-11-29T16:56:31","guid":{"rendered":"https:\/\/provinciadigital.com.ar\/?p=4940"},"modified":"2024-11-29T16:56:32","modified_gmt":"2024-11-29T16:56:32","slug":"preocupacion-en-la-industria-del-automotor-sigue-el-problema-por-la-falta-de-chapas-patente-y-cedulas","status":"publish","type":"post","link":"https:\/\/provinciadigital.com.ar\/?p=4940","title":{"rendered":"Preocupaci\u00f3n en la industria del automotor: sigue el problema por la falta de chapas patente y c\u00e9dulas"},"content":{"rendered":"\n<p><em>Desde la Asociaci\u00f3n Argentina de Encargados de Registros de la Propiedad del Automotor (AAERPA) confirmaron que el faltante de placas de identificaci\u00f3n met\u00e1lica y c\u00e9dulas de identificaci\u00f3n contin\u00faa generando serios inconvenientes en el sistema registral. Este problema, que afecta tanto a automotores como a motoveh\u00edculos, se agrava con el paso del tiempo, impactando directamente en los usuarios y en los registros.<\/em><\/p>\n\n\n\n<p>&#8220;Los registros seccionales compramos la documentaci\u00f3n al \u00fanico proveedor posible, ACARA, y lo hacemos en tiempo y forma&#8221;, explicaron desde la asociaci\u00f3n. Sin embargo, la provisi\u00f3n sigue enfrentando problemas de origen, vinculados a la ex Casa de la Moneda y a dificultades con la importaci\u00f3n de insumos, como pintura reflectiva para las placas.<\/p>\n\n\n\n<p><strong>Medidas paliativas para placas y c\u00e9dulas<\/strong><\/p>\n\n\n\n<p>El retraso en la entrega de placas met\u00e1licas alcanz\u00f3 su punto cr\u00edtico, obligando al gobierno a extender la validez de las matr\u00edculas provisorias para autom\u00f3viles y utilitarios livianos hasta los 180 d\u00edas. Esta situaci\u00f3n se suma a la implementaci\u00f3n de medidas temporales anteriores:<\/p>\n\n\n\n<p>Circ. DN N\u00ba 28\/2024: Permite asignar codificaci\u00f3n de dominio para motoveh\u00edculos sin la entrega f\u00edsica de las placas, otorgando un permiso de circulaci\u00f3n hasta que se reciban las definitivas.<\/p>\n\n\n\n<p>Circ. DN N\u00ba 34\/2024: Disposici\u00f3n similar para automotores, con matr\u00edculas provisionales v\u00e1lidas por 180 d\u00edas.<\/p>\n\n\n\n<p>En el caso de las c\u00e9dulas de identificaci\u00f3n, la situaci\u00f3n tambi\u00e9n es preocupante. Aunque la emisi\u00f3n de c\u00e9dulas digitales a trav\u00e9s de la app Mi Argentina ha permitido mantener la circulaci\u00f3n, el retraso en la entrega de c\u00e9dulas verdes f\u00edsicas supera las 200.000 unidades y abarca m\u00e1s de cuatro pedidos pendientes en los registros de todo el pa\u00eds.<\/p>\n\n\n\n<p><strong>Impacto en el mercado<\/strong><\/p>\n\n\n\n<p>El problema comenz\u00f3 en julio, afectando inicialmente al mercado de motocicletas, donde muchos compradores tuvieron que esperar semanas para retirar veh\u00edculos ya pagados. Esto se debi\u00f3 a la imposibilidad de registrar las operaciones por la falta de placas met\u00e1licas. La situaci\u00f3n luego se extendi\u00f3 a los automotores, sumando complicaciones al sistema registral.<\/p>\n\n\n\n<p><strong>Mirando hacia el verano y las vacaciones<\/strong><\/p>\n\n\n\n<p>Si bien las medidas paliativas han brindado soluciones temporales, desde AAERPA alertan sobre posibles complicaciones durante la temporada estival. &#8220;Nos preocupa la aceptaci\u00f3n de esta documentaci\u00f3n provisoria en los pasos fronterizos por parte de los pa\u00edses lim\u00edtrofes&#8221;, se\u00f1alaron.<\/p>\n\n\n\n<p>Mientras tanto, se espera que el gobierno concrete la anunciada licitaci\u00f3n para resolver definitivamente la provisi\u00f3n de materiales esenciales, una soluci\u00f3n que los usuarios y el sistema en general necesitan con urgencia.<\/p>\n","protected":false},"excerpt":{"rendered":"<p>Desde la Asociaci\u00f3n Argentina de Encargados de Registros de la Propiedad del Automotor (AAERPA) confirmaron que el faltante de placas de identificaci\u00f3n met\u00e1lica y c\u00e9dulas de identificaci\u00f3n contin\u00faa generando serios inconvenientes en el sistema registral. Este problema, que afecta tanto a automotores como a motoveh\u00edculos, se agrava con el paso del tiempo, impactando directamente en [&hellip;]<\/p>\n","protected":false},"author":1,"featured_media":4941,"comment_status":"open","ping_status":"open","sticky":false,"template":"","format":"standard","meta":{"footnotes":""},"categories":[129],"tags":[],"class_list":{"0":"post-4940","1":"post","2":"type-post","3":"status-publish","4":"format-standard","5":"has-post-thumbnail","7":"category-nacionales"},"_links":{"self":[{"href":"https:\/\/provinciadigital.com.ar\/index.php?rest_route=\/wp\/v2\/posts\/4940","targetHints":{"allow":["GET"]}}],"collection":[{"href":"https:\/\/provinciadigital.com.ar\/index.php?rest_route=\/wp\/v2\/posts"}],"about":[{"href":"https:\/\/provinciadigital.com.ar\/index.php?rest_route=\/wp\/v2\/types\/post"}],"author":[{"embeddable":true,"href":"https:\/\/provinciadigital.com.ar\/index.php?rest_route=\/wp\/v2\/users\/1"}],"replies":[{"embeddable":true,"href":"https:\/\/provinciadigital.com.ar\/index.php?rest_route=%2Fwp%2Fv2%2Fcomments&post=4940"}],"version-history":[{"count":1,"href":"https:\/\/provinciadigital.com.ar\/index.php?rest_route=\/wp\/v2\/posts\/4940\/revisions"}],"predecessor-version":[{"id":4942,"href":"https:\/\/provinciadigital.com.ar\/index.php?rest_route=\/wp\/v2\/posts\/4940\/revisions\/4942"}],"wp:featuredmedia":[{"embeddable":true,"href":"https:\/\/provinciadigital.com.ar\/index.php?rest_route=\/wp\/v2\/media\/4941"}],"wp:attachment":[{"href":"https:\/\/provinciadigital.com.ar\/index.php?rest_route=%2Fwp%2Fv2%2Fmedia&parent=4940"}],"wp:term":[{"taxonomy":"category","embeddable":true,"href":"https:\/\/provinciadigital.com.ar\/index.php?rest_route=%2Fwp%2Fv2%2Fcategories&post=4940"},{"taxonomy":"post_tag","embeddable":true,"href":"https:\/\/provinciadigital.com.ar\/index.php?rest_route=%2Fwp%2Fv2%2Ftags&post=4940"}],"curies":[{"name":"wp","href":"https:\/\/api.w.org\/{rel}","templated":true}]}}