{"id":4955,"date":"2024-12-05T11:07:10","date_gmt":"2024-12-05T11:07:10","guid":{"rendered":"https:\/\/provinciadigital.com.ar\/?p=4955"},"modified":"2024-12-05T11:07:11","modified_gmt":"2024-12-05T11:07:11","slug":"nuevo-corredor-rolon-transforman-por-completo-la-avenida-de-beccar-para-ordenar-el-transito-y-mejorar-la-seguridad","status":"publish","type":"post","link":"https:\/\/provinciadigital.com.ar\/?p=4955","title":{"rendered":"Nuevo Corredor Rol\u00f3n: transforman por completo la avenida de Beccar para ordenar el tr\u00e1nsito y mejorar la seguridad"},"content":{"rendered":"\n<p>Esta semana se iniciaron las obras para transformar de manera integral la avenida Andr\u00e9s Rol\u00f3n, uno de los principales accesos al municipio desde San Fernando en la zona de Beccar y por la que circulan cuatro l\u00edneas de colectivo.<\/p>\n\n\n\n<p>La transformaci\u00f3n integral incluye: la incorporaci\u00f3n de un boulevard de dos metros de ancho en el centro de la avenida; la construcci\u00f3n de una rotonda a la altura de Jos\u00e9 Ingenieros; mejoras en la infraestructura, como nuevas paradas de colectivo, ampliaci\u00f3n de veredas y nuevos espacios de estacionamiento; nuevo alumbrado p\u00fablico, con la incorporaci\u00f3n de 136 nuevas luminarias; y nuevos espacios verdes que incluir\u00e1n la plantaci\u00f3n de 120 \u00e1rboles nuevos.<\/p>\n\n\n\n<p>&#8220;El proyecto del nuevo corredor Rol\u00f3n es una obra que cambiar\u00e1 para siempre esta avenida. Vamos a ordenar el tr\u00e1nsito, sumando espacio en veredas y lugares de estacionamiento, mejorando la fluidez y la seguridad vial. Vamos a mejorar tambi\u00e9n la experiencia de viajar en transporte p\u00fablico, con nuevas paradas de colectivos, techadas y con mapas e informaci\u00f3n clave para organizar los viajes. Adem\u00e1s, al estar todo iluminado, la avenida ser\u00e1 m\u00e1s segura y, al sumar nuevos \u00e1rboles, completamos una puesta en valor integral para que la disfruten quienes la recorren todos los d\u00edas&#8221;, detall\u00f3 Ram\u00f3n Lan\u00fas, intendente de San Isidro. &#8220;Seguimos trabajando para que San Isidro siga creciendo&#8221;, cerr\u00f3.<\/p>\n\n\n\n<p>Hoy en d\u00eda, la avenida tiene infraestructura deteriorada, le falta demarcaci\u00f3n, sus cruces son inseguros para los peatones, falta alumbrado y arbolado, y sus veredas est\u00e1n frecuentemente ocupadas por autos mal estacionados.<\/p>\n","protected":false},"excerpt":{"rendered":"<p>Esta semana se iniciaron las obras para transformar de manera integral la avenida Andr\u00e9s Rol\u00f3n, uno de los principales accesos al municipio desde San Fernando en la zona de Beccar y por la que circulan cuatro l\u00edneas de colectivo. La transformaci\u00f3n integral incluye: la incorporaci\u00f3n de un boulevard de dos metros de ancho en el [&hellip;]<\/p>\n","protected":false},"author":1,"featured_media":4956,"comment_status":"open","ping_status":"open","sticky":false,"template":"","format":"standard","meta":{"footnotes":""},"categories":[117],"tags":[],"class_list":{"0":"post-4955","1":"post","2":"type-post","3":"status-publish","4":"format-standard","5":"has-post-thumbnail","7":"category-san-isidro"},"_links":{"self":[{"href":"https:\/\/provinciadigital.com.ar\/index.php?rest_route=\/wp\/v2\/posts\/4955","targetHints":{"allow":["GET"]}}],"collection":[{"href":"https:\/\/provinciadigital.com.ar\/index.php?rest_route=\/wp\/v2\/posts"}],"about":[{"href":"https:\/\/provinciadigital.com.ar\/index.php?rest_route=\/wp\/v2\/types\/post"}],"author":[{"embeddable":true,"href":"https:\/\/provinciadigital.com.ar\/index.php?rest_route=\/wp\/v2\/users\/1"}],"replies":[{"embeddable":true,"href":"https:\/\/provinciadigital.com.ar\/index.php?rest_route=%2Fwp%2Fv2%2Fcomments&post=4955"}],"version-history":[{"count":1,"href":"https:\/\/provinciadigital.com.ar\/index.php?rest_route=\/wp\/v2\/posts\/4955\/revisions"}],"predecessor-version":[{"id":4957,"href":"https:\/\/provinciadigital.com.ar\/index.php?rest_route=\/wp\/v2\/posts\/4955\/revisions\/4957"}],"wp:featuredmedia":[{"embeddable":true,"href":"https:\/\/provinciadigital.com.ar\/index.php?rest_route=\/wp\/v2\/media\/4956"}],"wp:attachment":[{"href":"https:\/\/provinciadigital.com.ar\/index.php?rest_route=%2Fwp%2Fv2%2Fmedia&parent=4955"}],"wp:term":[{"taxonomy":"category","embeddable":true,"href":"https:\/\/provinciadigital.com.ar\/index.php?rest_route=%2Fwp%2Fv2%2Fcategories&post=4955"},{"taxonomy":"post_tag","embeddable":true,"href":"https:\/\/provinciadigital.com.ar\/index.php?rest_route=%2Fwp%2Fv2%2Ftags&post=4955"}],"curies":[{"name":"wp","href":"https:\/\/api.w.org\/{rel}","templated":true}]}}