{"id":5060,"date":"2025-01-20T15:02:54","date_gmt":"2025-01-20T15:02:54","guid":{"rendered":"https:\/\/provinciadigital.com.ar\/?p=5060"},"modified":"2025-01-20T15:02:55","modified_gmt":"2025-01-20T15:02:55","slug":"horrible-hallazgo-trabajador-muerto-en-la-camara-frigorifica","status":"publish","type":"post","link":"https:\/\/provinciadigital.com.ar\/?p=5060","title":{"rendered":"HORRIBLE HALLAZGO: TRABAJADOR MUERTO EN LA CAMARA FRIGORIFICA"},"content":{"rendered":"\n<p><br>El espantoso escenario se dio en la fabrica Mo\u00f1o Azul en la Patagonia y dejo al sector conmocionado.<br>El joven de 24 a\u00f1os fue encontrado sin vida este domingo en la planta de Mo\u00f1o Azul, en Villa Regina. El trabajador, quien cumpl\u00eda tareas en una c\u00e1mara frigor\u00edfica, perdi\u00f3 la vida en un ambiente donde las temperaturas alcanzan los -30\u00b0C. La noticia ha conmocionado a la comunidad y ha puesto en el centro del debate las precarias condiciones laborales en el sector frut\u00edcola.<br>La v\u00edctima, cuyo nombre a\u00fan no ha sido revelado, fue hallada por sus compa\u00f1eros de trabajo, quienes dieron aviso a las autoridades. Personal m\u00e9dico constat\u00f3 el fallecimiento en el lugar. La fiscal\u00eda de Villa Regina ha iniciado una investigaci\u00f3n para determinar las causas exactas del deceso.<br>Mo\u00f1o Azul es una de las empresas l\u00edderes en la producci\u00f3n y exportaci\u00f3n de frutas en la Patagonia. Durante la temporada de cosecha, cientos de trabajadores, conocidos como &#8220;golondrinas&#8221;, se desplazan a la regi\u00f3n para trabajar en las plantaciones. Las c\u00e1maras frigor\u00edficas, donde se almacenan las frutas, son un elemento fundamental en este proceso, pero tambi\u00e9n representan un riesgo para los trabajadores si no se toman las medidas de seguridad adecuadas.<br>Mayor control: Inspecciones regulares por parte de las autoridades laborales para verificar el cumplimiento de las normas de seguridad. <br>Capacitaci\u00f3n: Formaci\u00f3n obligatoria para los trabajadores en materia de seguridad y prevenci\u00f3n de riesgos.<br>Equipamiento adecuado: Provisi\u00f3n de equipos de protecci\u00f3n personal y herramientas adecuadas para trabajar en ambientes extremos.<br>Canales de denuncia: Creaci\u00f3n de mecanismos para que los trabajadores puedan denunciar situaciones de riesgo de manera an\u00f3nima y segura.<br>La muerte de este joven trabajador es una tragedia que no debe quedar impune. Es necesario que todos los actores involucrados, desde los trabajadores hasta las empresas y el Estado, trabajen juntos para garantizar condiciones laborales dignas y seguras para todos.<br><\/p>\n","protected":false},"excerpt":{"rendered":"<p>El espantoso escenario se dio en la fabrica Mo\u00f1o Azul en la Patagonia y dejo al sector conmocionado.El joven de 24 a\u00f1os fue encontrado sin vida este domingo en la planta de Mo\u00f1o Azul, en Villa Regina. El trabajador, quien cumpl\u00eda tareas en una c\u00e1mara frigor\u00edfica, perdi\u00f3 la vida en un ambiente donde las temperaturas [&hellip;]<\/p>\n","protected":false},"author":3,"featured_media":5061,"comment_status":"open","ping_status":"open","sticky":false,"template":"","format":"standard","meta":{"footnotes":""},"categories":[129],"tags":[150,146,149,147],"class_list":{"0":"post-5060","1":"post","2":"type-post","3":"status-publish","4":"format-standard","5":"has-post-thumbnail","7":"category-nacionales","8":"tag-fabrica","9":"tag-mono-azul","10":"tag-muerte","11":"tag-trabajador"},"_links":{"self":[{"href":"https:\/\/provinciadigital.com.ar\/index.php?rest_route=\/wp\/v2\/posts\/5060","targetHints":{"allow":["GET"]}}],"collection":[{"href":"https:\/\/provinciadigital.com.ar\/index.php?rest_route=\/wp\/v2\/posts"}],"about":[{"href":"https:\/\/provinciadigital.com.ar\/index.php?rest_route=\/wp\/v2\/types\/post"}],"author":[{"embeddable":true,"href":"https:\/\/provinciadigital.com.ar\/index.php?rest_route=\/wp\/v2\/users\/3"}],"replies":[{"embeddable":true,"href":"https:\/\/provinciadigital.com.ar\/index.php?rest_route=%2Fwp%2Fv2%2Fcomments&post=5060"}],"version-history":[{"count":1,"href":"https:\/\/provinciadigital.com.ar\/index.php?rest_route=\/wp\/v2\/posts\/5060\/revisions"}],"predecessor-version":[{"id":5062,"href":"https:\/\/provinciadigital.com.ar\/index.php?rest_route=\/wp\/v2\/posts\/5060\/revisions\/5062"}],"wp:featuredmedia":[{"embeddable":true,"href":"https:\/\/provinciadigital.com.ar\/index.php?rest_route=\/wp\/v2\/media\/5061"}],"wp:attachment":[{"href":"https:\/\/provinciadigital.com.ar\/index.php?rest_route=%2Fwp%2Fv2%2Fmedia&parent=5060"}],"wp:term":[{"taxonomy":"category","embeddable":true,"href":"https:\/\/provinciadigital.com.ar\/index.php?rest_route=%2Fwp%2Fv2%2Fcategories&post=5060"},{"taxonomy":"post_tag","embeddable":true,"href":"https:\/\/provinciadigital.com.ar\/index.php?rest_route=%2Fwp%2Fv2%2Ftags&post=5060"}],"curies":[{"name":"wp","href":"https:\/\/api.w.org\/{rel}","templated":true}]}}