{"id":5118,"date":"2025-01-29T13:40:11","date_gmt":"2025-01-29T13:40:11","guid":{"rendered":"https:\/\/provinciadigital.com.ar\/?p=5118"},"modified":"2025-01-29T13:47:43","modified_gmt":"2025-01-29T13:47:43","slug":"la-izquierda-bajo-ataque","status":"publish","type":"post","link":"https:\/\/provinciadigital.com.ar\/?p=5118","title":{"rendered":"LA IZQUIERDA BAJO ATAQUE: EL ENCUENTRO DE ADORNI Y MYRIAM BREGMAN"},"content":{"rendered":"\n<p>El discurso de persecuci\u00f3n a la izquierda, que pareciera estar volviendo a ser una amenaza palpable en la Argentina, escal\u00f3 en las \u00faltimas semanas a niveles alarmantes, especialmente con los recientes comentarios de funcionarios del gobierno de Javier Milei. El \u00faltimo de estos ataques tuvo lugar el martes 28 de enero, cuando Manuel Adorni, vocero presidencial, afirm\u00f3 que el Gobierno pretende &#8220;eliminar cualquier vestigio de las ideolog\u00edas de izquierda&#8221;. Esta declaraci\u00f3n no solo suscit\u00f3 el rechazo inmediato de la oposici\u00f3n, sino que tambi\u00e9n fue vista como una manifestaci\u00f3n del creciente &#8220;macartismo oficial&#8221; que algunos analistas temen podr\u00eda traducirse en una persecuci\u00f3n real.<br>El tono de los comentarios de Adorni refleja una ideolog\u00eda que muchos consideran peligrosa, en tanto alienta la criminalizaci\u00f3n de ciertas ideolog\u00edas pol\u00edticas bajo la excusa de combatir el \u201cextremismo\u201d o la \u201cradicalizaci\u00f3n\u201d. Esta no es la primera vez que los discursos de figuras cercanas al presidente Milei apuntan contra la izquierda. En el Foro de Davos, el presidente ya hab\u00eda dejado clara su postura de desprecio hacia los derechos de las mujeres, la comunidad LGTB+, los movimientos ambientalistas, y en general, hacia lo que denomin\u00f3 de manera peyorativa la \u201cideolog\u00eda woke\u201d. Lo m\u00e1s pol\u00e9mico fue cuando vincul\u00f3 absurdamente la \u201cideolog\u00eda de g\u00e9nero\u201d con la pedofilia, un discurso que, adem\u00e1s de ser ignorante, incita al odio y fomenta la discriminaci\u00f3n.<br>A esta postura se sumaron los ataques hacia los trabajadores ferroviarios que, durante esa misma jornada, se manifestaban contra las pol\u00edticas del gobierno. Adorni los acus\u00f3 de &#8220;extorsionar&#8221;, una acusaci\u00f3n grave que muchos consideran parte de un intento de criminalizar la protesta social.<br>La reacci\u00f3n de los referentes del Frente de Izquierda no se hizo esperar. Myriam Bregman, una de las voces m\u00e1s representativas del PTS-FIT, utiliz\u00f3 su cuenta de X (Twitter) para rechazar categ\u00f3ricamente las declaraciones de Adorni: &#8220;Siguen alentando la persecuci\u00f3n a la izquierda&#8221;, escribi\u00f3 la dirigente, destacando la gravedad de las palabras que no solo afectan a quienes militan en las ideas de izquierda, sino que tambi\u00e9n abren la puerta a una represalia sistem\u00e1tica contra todo aquel que se oponga al gobierno.<br>El diputado nacional Christian Castillo, compa\u00f1ero de Bregman en el PTS-FIT, fue otro de los que respondi\u00f3 con firmeza, instando a una movilizaci\u00f3n masiva en las calles este s\u00e1bado 1 de febrero como una forma de respuesta contundente al discurso de odio y persecuci\u00f3n. Seg\u00fan Castillo, la respuesta debe ser &#8220;llenando las calles de todo el pa\u00eds&#8221;, como una muestra de rechazo y resistencia frente a lo que califican como una escalada autoritaria.<br>Los discursos como los de Adorni y Milei no son solo palabras vac\u00edas. Desde la izquierda, se alerta sobre el peligro de que tales declaraciones puedan legitimar la violencia f\u00edsica y la represi\u00f3n institucional contra quienes se oponen al gobierno. En este contexto, el FIT-U (Frente de Izquierda y de los Trabajadores \u2013 Unidad) present\u00f3 un proyecto en la C\u00e1mara de Diputados para repudiar p\u00fablicamente las declaraciones de Adorni y de Milei. Este proyecto, adem\u00e1s de rechazar los discursos de odio, advierte sobre los riesgos de que este tipo de ret\u00f3rica pueda incitar ataques violentos contra las personas y organizaciones con posturas pol\u00edticas diferentes.<\/p>\n\n\n\n<p>La preocupaci\u00f3n no es menor. En varias partes del mundo, discursos similares han precedido periodos de represi\u00f3n pol\u00edtica, persecuci\u00f3n ideol\u00f3gica y violencia f\u00edsica. La historia est\u00e1 llena de ejemplos de c\u00f3mo un discurso que demoniza a un grupo espec\u00edfico puede derivar en consecuencias mucho m\u00e1s graves si no se toma acci\u00f3n para detenerlo a tiempo.<br>Lo que est\u00e1 en juego no es solo una lucha pol\u00edtica por el poder, sino la esencia misma de la democracia. Si un gobierno utiliza su influencia para delegitimar, acosar o incluso reprimir a la oposici\u00f3n, la libertad de expresi\u00f3n y la diversidad de pensamiento se ven amenazadas. Los llamados a &#8220;eliminar vestigios de las ideolog\u00edas de izquierda&#8221; no son simplemente un rechazo ideol\u00f3gico; pueden ser una advertencia de un cambio m\u00e1s profundo en las pr\u00e1cticas democr\u00e1ticas del pa\u00eds.<br>La movilizaci\u00f3n convocada para este s\u00e1bado 1 de febrero ser\u00e1 una oportunidad clave para que la ciudadan\u00eda exprese su rechazo a la persecuci\u00f3n pol\u00edtica y su compromiso con la defensa de los derechos democr\u00e1ticos. En un contexto de creciente polarizaci\u00f3n, es crucial recordar que las diferencias ideol\u00f3gicas no deben ser sin\u00f3nimo de hostilidad o represi\u00f3n, sino de un ejercicio saludable del debate democr\u00e1tico.<\/p>\n","protected":false},"excerpt":{"rendered":"<p>El discurso de persecuci\u00f3n a la izquierda, que pareciera estar volviendo a ser una amenaza palpable en la Argentina, escal\u00f3 en las \u00faltimas semanas a niveles alarmantes, especialmente con los recientes comentarios de funcionarios del gobierno de Javier Milei. El \u00faltimo de estos ataques tuvo lugar el martes 28 de enero, cuando Manuel Adorni, vocero [&hellip;]<\/p>\n","protected":false},"author":3,"featured_media":5124,"comment_status":"open","ping_status":"open","sticky":false,"template":"","format":"standard","meta":{"footnotes":""},"categories":[129],"tags":[96],"class_list":{"0":"post-5118","1":"post","2":"type-post","3":"status-publish","4":"format-standard","5":"has-post-thumbnail","7":"category-nacionales","8":"tag-milei"},"_links":{"self":[{"href":"https:\/\/provinciadigital.com.ar\/index.php?rest_route=\/wp\/v2\/posts\/5118","targetHints":{"allow":["GET"]}}],"collection":[{"href":"https:\/\/provinciadigital.com.ar\/index.php?rest_route=\/wp\/v2\/posts"}],"about":[{"href":"https:\/\/provinciadigital.com.ar\/index.php?rest_route=\/wp\/v2\/types\/post"}],"author":[{"embeddable":true,"href":"https:\/\/provinciadigital.com.ar\/index.php?rest_route=\/wp\/v2\/users\/3"}],"replies":[{"embeddable":true,"href":"https:\/\/provinciadigital.com.ar\/index.php?rest_route=%2Fwp%2Fv2%2Fcomments&post=5118"}],"version-history":[{"count":2,"href":"https:\/\/provinciadigital.com.ar\/index.php?rest_route=\/wp\/v2\/posts\/5118\/revisions"}],"predecessor-version":[{"id":5122,"href":"https:\/\/provinciadigital.com.ar\/index.php?rest_route=\/wp\/v2\/posts\/5118\/revisions\/5122"}],"wp:featuredmedia":[{"embeddable":true,"href":"https:\/\/provinciadigital.com.ar\/index.php?rest_route=\/wp\/v2\/media\/5124"}],"wp:attachment":[{"href":"https:\/\/provinciadigital.com.ar\/index.php?rest_route=%2Fwp%2Fv2%2Fmedia&parent=5118"}],"wp:term":[{"taxonomy":"category","embeddable":true,"href":"https:\/\/provinciadigital.com.ar\/index.php?rest_route=%2Fwp%2Fv2%2Fcategories&post=5118"},{"taxonomy":"post_tag","embeddable":true,"href":"https:\/\/provinciadigital.com.ar\/index.php?rest_route=%2Fwp%2Fv2%2Ftags&post=5118"}],"curies":[{"name":"wp","href":"https:\/\/api.w.org\/{rel}","templated":true}]}}