{"id":5156,"date":"2025-02-06T16:48:33","date_gmt":"2025-02-06T16:48:33","guid":{"rendered":"https:\/\/provinciadigital.com.ar\/?p=5156"},"modified":"2025-02-06T16:48:34","modified_gmt":"2025-02-06T16:48:34","slug":"modifican-la-ley-de-identidad-de-genero-prohibicion-para-menores","status":"publish","type":"post","link":"https:\/\/provinciadigital.com.ar\/?p=5156","title":{"rendered":"MODIFICAN LA LEY DE IDENTIDAD DE GENERO: PROHIBICION PARA MENORES"},"content":{"rendered":"\n<p>El vocero del gobierno, Manuel Adorni, anunci\u00f3 que se modificar\u00eda la Ley N\u00b0 26.743 (Ley de Identidad de G\u00e9nero) para retrasar la edad m\u00ednima para iniciar el proceso de hormonizaci\u00f3n de los 16 a los 18 a\u00f1os, y se establece que el alojamiento de los detenidos en c\u00e1rceles se decidir\u00e1 seg\u00fan el sexo registrado al momento del delito.<\/p>\n\n\n\n<p><strong>Modificaciones en la Ley:<\/strong> La nueva normativa propone que los menores de 18 a\u00f1os no puedan iniciar tratamientos hormonales ni someterse a cirug\u00edas de reasignaci\u00f3n sexual, incluso con el consentimiento de los padres. Se argumenta que los menores no tienen la madurez cognitiva para tomar decisiones sobre procedimientos irreversibles, aunque esta afirmaci\u00f3n carece de un respaldo cient\u00edfico.<\/p>\n\n\n\n<p><strong>Reacciones y datos reales:<\/strong> Esta medida ha generado reacciones y cr\u00edticas, como la de la Federaci\u00f3n Argentina LGBT+ que anunci\u00f3 que recurrir\u00eda a la Justicia. Adem\u00e1s, datos del ministerio de Salud de la provincia de Buenos Aires aclaran que los \u201cconsultorios con perspectiva inclusiva\u201d no realizan tratamientos hormonales ni cirug\u00edas de reasignaci\u00f3n de g\u00e9nero, sino que est\u00e1n destinados a ofrecer atenci\u00f3n a la salud de la comunidad trans, que enfrenta mayor vulnerabilidad y menor esperanza de vida.<\/p>\n\n\n\n<p><strong>Impacto en las c\u00e1rceles:<\/strong> El gobierno tambi\u00e9n estableci\u00f3 que las personas detenidas en c\u00e1rceles se alojar\u00e1n seg\u00fan el sexo registrado al momento del delito. Esta medida fue justificada por el presidente Javier Milei como una forma de garantizar la seguridad de las mujeres detenidas, y evitar que personas condenadas por delitos sexuales o violentos contra mujeres sean alojadas en c\u00e1rceles de mujeres, si han cambiado su identidad de g\u00e9nero despu\u00e9s de cometer el delito.<br>Sin embargo, seg\u00fan datos oficiales, el n\u00famero de personas trans que han solicitado traslado por identidad de g\u00e9nero en las c\u00e1rceles federales es m\u00ednimo, lo que pone en duda la magnitud del problema que esta medida busca resolver.<\/p>\n\n\n\n<p><strong>Posibles consecuencias:<\/strong> Estas medidas, que el gobierno justifica como una lucha contra el &#8220;extremismo de g\u00e9nero&#8221;, han sido cuestionadas por organizaciones de derechos humanos y defensores de la comunidad LGBT+. Tambi\u00e9n han sido consideradas una respuesta a la creciente protesta antifascista que se ha manifestado en contra de otras pol\u00edticas del gobierno.<br><\/p>\n\n\n\n<p>La controversial medida del gobierno busca asegurar que el dinero del estado no sea utilizado en causas sociales. Los jovenes cuyos padres sientan que la sexualidad de su hijo est\u00e1 biol\u00f3gicamente errada podr\u00e1n apelar a un tribunal de justica para que revoquen la medida en su caso particular y luego realizar la operaci\u00f3n pertinente. En cualquier caso el rol del estado cambiara para no representar las pol\u00edticas de genero actuales dejando en los particulares la posibilidad de asumir los costos y el peso moral. <\/p>\n","protected":false},"excerpt":{"rendered":"<p>El vocero del gobierno, Manuel Adorni, anunci\u00f3 que se modificar\u00eda la Ley N\u00b0 26.743 (Ley de Identidad de G\u00e9nero) para retrasar la edad m\u00ednima para iniciar el proceso de hormonizaci\u00f3n de los 16 a los 18 a\u00f1os, y se establece que el alojamiento de los detenidos en c\u00e1rceles se decidir\u00e1 seg\u00fan el sexo registrado al [&hellip;]<\/p>\n","protected":false},"author":3,"featured_media":5157,"comment_status":"open","ping_status":"open","sticky":false,"template":"","format":"standard","meta":{"footnotes":""},"categories":[131],"tags":[180,96],"class_list":{"0":"post-5156","1":"post","2":"type-post","3":"status-publish","4":"format-standard","5":"has-post-thumbnail","7":"category-caba","8":"tag-lgbtq","9":"tag-milei"},"_links":{"self":[{"href":"https:\/\/provinciadigital.com.ar\/index.php?rest_route=\/wp\/v2\/posts\/5156","targetHints":{"allow":["GET"]}}],"collection":[{"href":"https:\/\/provinciadigital.com.ar\/index.php?rest_route=\/wp\/v2\/posts"}],"about":[{"href":"https:\/\/provinciadigital.com.ar\/index.php?rest_route=\/wp\/v2\/types\/post"}],"author":[{"embeddable":true,"href":"https:\/\/provinciadigital.com.ar\/index.php?rest_route=\/wp\/v2\/users\/3"}],"replies":[{"embeddable":true,"href":"https:\/\/provinciadigital.com.ar\/index.php?rest_route=%2Fwp%2Fv2%2Fcomments&post=5156"}],"version-history":[{"count":1,"href":"https:\/\/provinciadigital.com.ar\/index.php?rest_route=\/wp\/v2\/posts\/5156\/revisions"}],"predecessor-version":[{"id":5158,"href":"https:\/\/provinciadigital.com.ar\/index.php?rest_route=\/wp\/v2\/posts\/5156\/revisions\/5158"}],"wp:featuredmedia":[{"embeddable":true,"href":"https:\/\/provinciadigital.com.ar\/index.php?rest_route=\/wp\/v2\/media\/5157"}],"wp:attachment":[{"href":"https:\/\/provinciadigital.com.ar\/index.php?rest_route=%2Fwp%2Fv2%2Fmedia&parent=5156"}],"wp:term":[{"taxonomy":"category","embeddable":true,"href":"https:\/\/provinciadigital.com.ar\/index.php?rest_route=%2Fwp%2Fv2%2Fcategories&post=5156"},{"taxonomy":"post_tag","embeddable":true,"href":"https:\/\/provinciadigital.com.ar\/index.php?rest_route=%2Fwp%2Fv2%2Ftags&post=5156"}],"curies":[{"name":"wp","href":"https:\/\/api.w.org\/{rel}","templated":true}]}}