{"id":5184,"date":"2025-02-13T13:25:40","date_gmt":"2025-02-13T13:25:40","guid":{"rendered":"https:\/\/provinciadigital.com.ar\/?p=5184"},"modified":"2025-02-13T13:25:41","modified_gmt":"2025-02-13T13:25:41","slug":"san-isidro-clausuran-una-ypf-por-cobrar-impuestos-ya-eliminados","status":"publish","type":"post","link":"https:\/\/provinciadigital.com.ar\/?p=5184","title":{"rendered":"SAN ISIDRO: CLAUSURAN UNA YPF POR COBRAR IMPUESTOS YA ELIMINADOS"},"content":{"rendered":"\n<hr class=\"wp-block-separator has-alpha-channel-opacity\"\/>\n\n\n\n<h2 class=\"wp-block-heading\">&#8220;si alguien intenta cobrar la tasa vial en San Isidro, denuncialo&#8221;<\/h2>\n\n\n\n<hr class=\"wp-block-separator has-alpha-channel-opacity\"\/>\n\n\n\n<p>El Municipio de San Isidro cerr\u00f3 esta tarde una estaci\u00f3n de servicio YPF en Beccar tras descubrir que continuaba cobrando la tasa vial, eliminada en octubre de 2024. Adem\u00e1s, encontraron graves irregularidades en seguridad e higiene, lo que representaba un riesgo de contaminaci\u00f3<\/p>\n\n\n\n<p>Lo que comenz\u00f3 como una denuncia vecinal por cobros indebidos termin\u00f3 en un operativo municipal que dej\u00f3 a una estaci\u00f3n de servicio clausurada. Todo ocurri\u00f3 en la YPF ubicada en la intersecci\u00f3n de la avenida Andr\u00e9s Rol\u00f3n y Jos\u00e9 Ingenieros, donde se comprob\u00f3 que la empresa segu\u00eda aplicando la &#8220;Tasa por Servicio de Protecci\u00f3n Ambiental&#8221;, pese a que hab\u00eda sido eliminada hace meses.<\/p>\n\n\n\n<p>El intendente Ram\u00f3n Lan\u00fas fue tajante: &#8220;Seguimos firmes en nuestro compromiso de bajar impuestos y hacer cumplir las normas. Si ves que alguien intenta cobrar la tasa vial en San Isidro, denuncia&#8221;, escribi\u00f3 en sus redes.<\/p>\n\n\n\n<p>La denuncia inicial fue recibida por Defensa del Consumidor, que traslad\u00f3 el caso a la Agencia de Recaudaci\u00f3n y al \u00e1rea de Fiscalizaci\u00f3n y Control. Pasadas las 15 h de hoy, inspectores municipales realizaron una inspecci\u00f3n en la estaci\u00f3n de servicio y confirmaron que, adem\u00e1s del cobro indebido, el lugar presentaba deficiencias en higiene y un potencial riesgo ambiental<\/p>\n\n\n\n<p>La tasa vial implicaba un costo extra de $6 por litro de nafta y $4 por litro de GNL, y hab\u00eda estado vigente desde 2016 hasta su eliminaci\u00f3n el 1 de octubre de 2024. La medida hab\u00eda sido celebrada por los vecinos, ya que su eliminaci\u00f3n redujo el precio de los combustibles en la zona.<\/p>\n\n\n\n<p>&#8220;Eliminamos la tasa vial porque era una carga injusta para los vecinos y no vamos a permitir que nadie la cobre&#8221;, se\u00f1alaron fuentes municipales tras la clausura.<\/p>\n\n\n\n<p>Ahora, la estaci\u00f3n de servicio deber\u00e1 resolver sus problemas administrativos y ambientales si quiere volver a operar. Mientras tanto, el Municipio advierte que seguir\u00e1 monitoreando el cumplimiento de la eliminaci\u00f3n de la tasa y reforzando los controles.<\/p>\n","protected":false},"excerpt":{"rendered":"<p>&#8220;si alguien intenta cobrar la tasa vial en San Isidro, denuncialo&#8221; El Municipio de San Isidro cerr\u00f3 esta tarde una estaci\u00f3n de servicio YPF en Beccar tras descubrir que continuaba cobrando la tasa vial, eliminada en octubre de 2024. Adem\u00e1s, encontraron graves irregularidades en seguridad e higiene, lo que representaba un riesgo de contaminaci\u00f3 Lo [&hellip;]<\/p>\n","protected":false},"author":3,"featured_media":5185,"comment_status":"open","ping_status":"open","sticky":false,"template":"","format":"standard","meta":{"footnotes":""},"categories":[21,117],"tags":[184,185],"class_list":{"0":"post-5184","1":"post","2":"type-post","3":"status-publish","4":"format-standard","5":"has-post-thumbnail","7":"category-municipio","8":"category-san-isidro","9":"tag-san-isidro","10":"tag-ypf"},"_links":{"self":[{"href":"https:\/\/provinciadigital.com.ar\/index.php?rest_route=\/wp\/v2\/posts\/5184","targetHints":{"allow":["GET"]}}],"collection":[{"href":"https:\/\/provinciadigital.com.ar\/index.php?rest_route=\/wp\/v2\/posts"}],"about":[{"href":"https:\/\/provinciadigital.com.ar\/index.php?rest_route=\/wp\/v2\/types\/post"}],"author":[{"embeddable":true,"href":"https:\/\/provinciadigital.com.ar\/index.php?rest_route=\/wp\/v2\/users\/3"}],"replies":[{"embeddable":true,"href":"https:\/\/provinciadigital.com.ar\/index.php?rest_route=%2Fwp%2Fv2%2Fcomments&post=5184"}],"version-history":[{"count":1,"href":"https:\/\/provinciadigital.com.ar\/index.php?rest_route=\/wp\/v2\/posts\/5184\/revisions"}],"predecessor-version":[{"id":5186,"href":"https:\/\/provinciadigital.com.ar\/index.php?rest_route=\/wp\/v2\/posts\/5184\/revisions\/5186"}],"wp:featuredmedia":[{"embeddable":true,"href":"https:\/\/provinciadigital.com.ar\/index.php?rest_route=\/wp\/v2\/media\/5185"}],"wp:attachment":[{"href":"https:\/\/provinciadigital.com.ar\/index.php?rest_route=%2Fwp%2Fv2%2Fmedia&parent=5184"}],"wp:term":[{"taxonomy":"category","embeddable":true,"href":"https:\/\/provinciadigital.com.ar\/index.php?rest_route=%2Fwp%2Fv2%2Fcategories&post=5184"},{"taxonomy":"post_tag","embeddable":true,"href":"https:\/\/provinciadigital.com.ar\/index.php?rest_route=%2Fwp%2Fv2%2Ftags&post=5184"}],"curies":[{"name":"wp","href":"https:\/\/api.w.org\/{rel}","templated":true}]}}