{"id":5255,"date":"2025-02-25T22:42:06","date_gmt":"2025-02-25T22:42:06","guid":{"rendered":"https:\/\/provinciadigital.com.ar\/?p=5255"},"modified":"2025-02-25T22:42:07","modified_gmt":"2025-02-25T22:42:07","slug":"cayo-el-ultimo-profugo-del-crimen-del-hincha-de-rosario-central-la-mato-de-un-piedrazo-y-escapo","status":"publish","type":"post","link":"https:\/\/provinciadigital.com.ar\/?p=5255","title":{"rendered":"CAY\u00d3 EL \u00daLTIMO PR\u00d3FUGO DEL CRIMEN DEL HINCHA DE ROSARIO CENTRAL: LA MAT\u00d3 DE UN PIEDRAZO Y ESCAP\u00d3"},"content":{"rendered":"\n<p>A un a\u00f1o y cinco meses del brutal asesinato de Ivana Garcilazo (32), la hincha de Rosario Central que perdi\u00f3 la vida tras ser atacada a piedrazos luego del cl\u00e1sico con Newell\u2019s, las autoridades lograron la captura del \u00faltimo sospechoso involucrado en el crimen. Se trata de Dami\u00e1n Reinfestuel (43), quien fue arrestado en Bolivia durante un operativo de la Interpol en una localidad cercana a Santa Cruz de la Sierra.<\/p>\n\n\n\n<p>La fiscal general de Santa Fe, Mar\u00eda Cecilia Vranicich, inform\u00f3 en una conferencia de prensa que la detenci\u00f3n se llev\u00f3 a cabo a las 10:30 (hora argentina) en un poblado de aproximadamente 8.000 habitantes. Posteriormente, Reinfestuel fue trasladado a la c\u00e1rcel de Sucre a la espera de su extradici\u00f3n a la Argentina para enfrentar la justicia.<\/p>\n\n\n\n<p><strong>Una investigaci\u00f3n que no se detuvo<\/strong><\/p>\n\n\n\n<p>Desde el momento del crimen, el fiscal Gast\u00f3n \u00c1vila, a cargo de la investigaci\u00f3n, se\u00f1al\u00f3 que Reinfestuel, profesor de qu\u00edmica, hab\u00eda huido a Bolivia a trav\u00e9s de un paso fronterizo no habilitado. La causa avanz\u00f3 con el aporte de testigos clave, incluyendo un taxista que presenci\u00f3 el ataque y un testigo de identidad reservada que ser\u00e1 incluido en el programa de recompensas.<\/p>\n\n\n\n<p>\u00c1vila revel\u00f3 que, tras cometer el homicidio, Reinfestuel present\u00f3 certificados m\u00e9dicos en los colegios donde trabajaba para justificar su ausencia y poco despu\u00e9s renunci\u00f3, iniciando su escape. \u201cSab\u00edamos que estaba en Bolivia y que se mov\u00eda con una mochila y una carpa. Finalmente, logramos dar con su paradero\u201d, explic\u00f3 el fiscal.<\/p>\n\n\n\n<p><strong>Los hechos del crimen<\/strong><\/p>\n\n\n\n<p>El 30 de septiembre de 2023, tras el cl\u00e1sico entre Rosario Central y Newell\u2019s, Garcilazo circulaba en su moto junto a su pareja cuando fue interceptada en la intersecci\u00f3n de Ovidio Lagos y Montevideo, a solo una cuadra del estadio Coloso Marcelo Bielsa. All\u00ed, un grupo de simpatizantes de Newell\u2019s comenz\u00f3 a arrojar piedras contra los hinchas rivales. Una de ellas impact\u00f3 en su cabeza, provoc\u00e1ndole la muerte en el acto.<\/p>\n\n\n\n<p>Las c\u00e1maras de seguridad y los testimonios permitieron identificar a tres responsables: Ariel Mat\u00edas Cabrera (43), Juan Jos\u00e9 \u201cTuerca\u201d Mass\u00f3n (41) y Dami\u00e1n Reinfestuel (43). Los dos primeros fueron detenidos y sometidos a audiencias imputativas, mientras que el \u00faltimo se mantuvo pr\u00f3fugo hasta ahora.<\/p>\n\n\n\n<p><strong>Consecuencias y reacciones<\/strong><\/p>\n\n\n\n<p>Luego del asesinato, el club Newell\u2019s tom\u00f3 medidas disciplinarias y suspendi\u00f3 los carnets de socio de los tres acusados. Familiares y amigos de la v\u00edctima, en tanto, han exigido justicia y mayores controles en los eventos deportivos para evitar nuevos episodios de violencia.<\/p>\n\n\n\n<p>La detenci\u00f3n de Reinfestuel marca el cierre de un largo proceso de investigaci\u00f3n, pero tambi\u00e9n reabre el debate sobre la violencia en el f\u00fatbol argentino y la necesidad de tomar medidas m\u00e1s estrictas para erradicar este tipo de incidentes. Ahora, la justicia argentina se prepara para su extradici\u00f3n y posterior enjuiciamiento.<\/p>\n","protected":false},"excerpt":{"rendered":"<p>A un a\u00f1o y cinco meses del brutal asesinato de Ivana Garcilazo (32), la hincha de Rosario Central que perdi\u00f3 la vida tras ser atacada a piedrazos luego del cl\u00e1sico con Newell\u2019s, las autoridades lograron la captura del \u00faltimo sospechoso involucrado en el crimen. Se trata de Dami\u00e1n Reinfestuel (43), quien fue arrestado en Bolivia [&hellip;]<\/p>\n","protected":false},"author":3,"featured_media":5256,"comment_status":"open","ping_status":"open","sticky":false,"template":"","format":"standard","meta":{"footnotes":""},"categories":[20],"tags":[194],"class_list":{"0":"post-5255","1":"post","2":"type-post","3":"status-publish","4":"format-standard","5":"has-post-thumbnail","7":"category-provincia","8":"tag-rosario"},"_links":{"self":[{"href":"https:\/\/provinciadigital.com.ar\/index.php?rest_route=\/wp\/v2\/posts\/5255","targetHints":{"allow":["GET"]}}],"collection":[{"href":"https:\/\/provinciadigital.com.ar\/index.php?rest_route=\/wp\/v2\/posts"}],"about":[{"href":"https:\/\/provinciadigital.com.ar\/index.php?rest_route=\/wp\/v2\/types\/post"}],"author":[{"embeddable":true,"href":"https:\/\/provinciadigital.com.ar\/index.php?rest_route=\/wp\/v2\/users\/3"}],"replies":[{"embeddable":true,"href":"https:\/\/provinciadigital.com.ar\/index.php?rest_route=%2Fwp%2Fv2%2Fcomments&post=5255"}],"version-history":[{"count":1,"href":"https:\/\/provinciadigital.com.ar\/index.php?rest_route=\/wp\/v2\/posts\/5255\/revisions"}],"predecessor-version":[{"id":5257,"href":"https:\/\/provinciadigital.com.ar\/index.php?rest_route=\/wp\/v2\/posts\/5255\/revisions\/5257"}],"wp:featuredmedia":[{"embeddable":true,"href":"https:\/\/provinciadigital.com.ar\/index.php?rest_route=\/wp\/v2\/media\/5256"}],"wp:attachment":[{"href":"https:\/\/provinciadigital.com.ar\/index.php?rest_route=%2Fwp%2Fv2%2Fmedia&parent=5255"}],"wp:term":[{"taxonomy":"category","embeddable":true,"href":"https:\/\/provinciadigital.com.ar\/index.php?rest_route=%2Fwp%2Fv2%2Fcategories&post=5255"},{"taxonomy":"post_tag","embeddable":true,"href":"https:\/\/provinciadigital.com.ar\/index.php?rest_route=%2Fwp%2Fv2%2Ftags&post=5255"}],"curies":[{"name":"wp","href":"https:\/\/api.w.org\/{rel}","templated":true}]}}