{"id":5261,"date":"2025-02-26T14:42:52","date_gmt":"2025-02-26T14:42:52","guid":{"rendered":"https:\/\/provinciadigital.com.ar\/?p=5261"},"modified":"2025-02-26T14:42:53","modified_gmt":"2025-02-26T14:42:53","slug":"la-fiscalia-de-la-plata-decidio-que-el-nino-de-14-anos-que-asesino-luego-de-robar-un-vehiculo-quede-preso","status":"publish","type":"post","link":"https:\/\/provinciadigital.com.ar\/?p=5261","title":{"rendered":"LA FISCALIA DE LA PLATA DECIDIO QUE EL NI\u00d1O DE 14 A\u00d1OS QUE ASESINO LUEGO DE ROBAR UN VEHICULO QUEDE PRESO"},"content":{"rendered":"\n<p>Carmen Ibarra, encargada de esclarecer el crimen de Kim G\u00f3mez, prepara una serie de medidas para los sospechosos detenidos por la Polic\u00eda Bonaerense mientras define la calificaci\u00f3n del hecho. El antecedente de \u201cPira\u00f1a\u201d, de 12 a\u00f1os, acusado de torturar a un jubilado por 220 mil d\u00f3lares.<\/p>\n\n\n\n<p>La fiscal Carmen Ibarra, titular de la UFI N\u00b03 de menores de La Plata, a cargo de esclarecer el asesinato de Kim G\u00f3mez, la ni\u00f1a de siete a\u00f1os que muri\u00f3 luego de ser arrastrada quince cuadras tras el robo de un auto en un supermercado en La Plata, decidi\u00f3 que el chico de 14 a\u00f1os detenido por el hecho permanezca encerrado bajo una medida de seguridad, tal como la ley se lo permite, confirmaron fuentes del caso a Infobae.<\/p>\n\n\n\n<p>As\u00ed, N.M, capturado en la madrugada de hoy martes en la zona de Altos de San Lorenzo en un operativo a cargo de la Polic\u00eda Bonaerense y que contin\u00faa aprehendido, podr\u00e1 ser enviado a un centro de contenci\u00f3n de menores bonaerense, donde estar\u00e1 privado de su libertad.<\/p>\n\n\n\n<p>Por otra parte, Ibarra se prepara para pedir la detenci\u00f3n formal de T.G, el c\u00f3mplice del chico, de 17 a\u00f1os y espera indagarlo en las pr\u00f3ximas horas. La Polic\u00eda Bonaerense ya detect\u00f3 un antecedente en su ficha: hab\u00eda sido arrestado por el robo de un Ford Ka el 1\u00b0 de enero \u00faltimo en La Plata junto a tres c\u00f3mplices, dos de ellos de edad inimputable. Uno de ellos portaba una pistola tumbera.<\/p>\n\n\n\n<p>La calificaci\u00f3n del hecho, ocurrido en las inmediaciones del supermercado El Nene, todav\u00eda no fue definida, aunque las mismas fuentes aseveran que los delitos elegidos ser\u00e1n los evidentes: robo y homicidio, con sus respectivos agravantes.<\/p>\n\n\n\n<p>La decisi\u00f3n de la fiscal Ibarra, desde ya, deber\u00e1 ser convalidada por el juzgado de garant\u00edas del caso y una sala de c\u00e1mara ante una eventual apelaci\u00f3n de la defensa del chico. Por lo pronto, hay un precedente reciente exitoso para la Justicia, con un chico detenido por un delito especialmente grave y de menor edad que N.M.<\/p>\n\n\n\n<p>En la v\u00edspera de la \u00faltima Nochebuena, la Sala II de la C\u00e1mara de San Isidro determin\u00f3 que \u201cPira\u00f1a\u201d -el ni\u00f1o de 12 a\u00f1os detenido a comienzos de este mes, acusado de intentar matar a golpes a un jubilado de 86 a\u00f1os en una brutal entradera en Acassuso en octubre pasado para robarle 220 mil d\u00f3lares- permanezca detenido en un centro de contenci\u00f3n de menores de la provincia de Buenos Aires, una decisi\u00f3n tomada por los magistrados Luis Cayuela y Juan Stepaniuc, tras una investigaci\u00f3n del fiscal Patricio Ferrari.<\/p>\n\n\n\n<p>Seg\u00fan la declaraci\u00f3n de testigos, los delincuentes merodeaban el lugar donde finalmente fue robado el Fiat Palio que ocupaba Kim. Minutos antes, los hab\u00edan visto sobre las calles 25 y 72 caminando y sent\u00e1ndose cerca de una verduler\u00eda, cuyos propietarios temieron un asalto.<\/p>\n\n\n\n<p>En cuanto se produjo el robo del veh\u00edculo, la madre de la v\u00edctima corri\u00f3 detr\u00e1s del mismo mientras gritaba que su hija estaba en el interior. Luego de fugarse en el auto, los delincuentes impactaron contra un poste de luz y cayeron en una zanja para luego correr por un descampado. Al llegar al lugar, los efectivos hallaron el cuerpo de la ni\u00f1a debajo del veh\u00edculo. Todav\u00eda no se sabe si Kim fue empujada por los delincuentes o si cay\u00f3 al intentar escapar.<\/p>\n\n\n\n<p>Por lo pronto, el adelanto del resultado de la autopsia no estaba disponible en la Justicia al cierre de esta nota.<\/p>\n\n\n\n<p><strong>El sistema de justicia para menores<\/strong><\/p>\n\n\n\n<p>Casos como el de Kim G\u00f3mez abren un profundo debate sobre la responsabilidad penal de los menores y el papel del sistema judicial en la prevenci\u00f3n y rehabilitaci\u00f3n de j\u00f3venes en conflicto con la ley. La edad de imputabilidad es un tema recurrente, con posturas que van desde la necesidad de reducirla hasta la exigencia de fortalecer programas de reinserci\u00f3n social efectivos.<\/p>\n\n\n\n<p>En muchos pa\u00edses, se han implementado modelos de justicia restaurativa que buscan no solo castigar, sino tambi\u00e9n reeducar y reinsertar a los menores en la sociedad. La creaci\u00f3n de centros especializados con programas de educaci\u00f3n, formaci\u00f3n laboral y apoyo psicol\u00f3gico podr\u00eda ser una alternativa viable para evitar que estos adolescentes reincidan en el delito.<\/p>\n\n\n\n<p>Asimismo, la detecci\u00f3n temprana de entornos de vulnerabilidad y el fortalecimiento de pol\u00edticas de inclusi\u00f3n social pueden ser claves para evitar que ni\u00f1os y adolescentes caigan en la delincuencia. La prevenci\u00f3n, a trav\u00e9s de la educaci\u00f3n y el acompa\u00f1amiento familiar, resulta tan importante como el accionar judicial en estos casos.<\/p>\n\n\n\n<p>Es imperativo que la sociedad y el Estado aborden este problema de manera integral, equilibrando la justicia con la posibilidad de ofrecer a los menores una segunda oportunidad que evite tragedias como la de Kim en el futuro.<\/p>\n","protected":false},"excerpt":{"rendered":"<p>Carmen Ibarra, encargada de esclarecer el crimen de Kim G\u00f3mez, prepara una serie de medidas para los sospechosos detenidos por la Polic\u00eda Bonaerense mientras define la calificaci\u00f3n del hecho. El antecedente de \u201cPira\u00f1a\u201d, de 12 a\u00f1os, acusado de torturar a un jubilado por 220 mil d\u00f3lares. La fiscal Carmen Ibarra, titular de la UFI N\u00b03 [&hellip;]<\/p>\n","protected":false},"author":3,"featured_media":5262,"comment_status":"open","ping_status":"open","sticky":false,"template":"","format":"standard","meta":{"footnotes":""},"categories":[20],"tags":[],"class_list":{"0":"post-5261","1":"post","2":"type-post","3":"status-publish","4":"format-standard","5":"has-post-thumbnail","7":"category-provincia"},"_links":{"self":[{"href":"https:\/\/provinciadigital.com.ar\/index.php?rest_route=\/wp\/v2\/posts\/5261","targetHints":{"allow":["GET"]}}],"collection":[{"href":"https:\/\/provinciadigital.com.ar\/index.php?rest_route=\/wp\/v2\/posts"}],"about":[{"href":"https:\/\/provinciadigital.com.ar\/index.php?rest_route=\/wp\/v2\/types\/post"}],"author":[{"embeddable":true,"href":"https:\/\/provinciadigital.com.ar\/index.php?rest_route=\/wp\/v2\/users\/3"}],"replies":[{"embeddable":true,"href":"https:\/\/provinciadigital.com.ar\/index.php?rest_route=%2Fwp%2Fv2%2Fcomments&post=5261"}],"version-history":[{"count":1,"href":"https:\/\/provinciadigital.com.ar\/index.php?rest_route=\/wp\/v2\/posts\/5261\/revisions"}],"predecessor-version":[{"id":5263,"href":"https:\/\/provinciadigital.com.ar\/index.php?rest_route=\/wp\/v2\/posts\/5261\/revisions\/5263"}],"wp:featuredmedia":[{"embeddable":true,"href":"https:\/\/provinciadigital.com.ar\/index.php?rest_route=\/wp\/v2\/media\/5262"}],"wp:attachment":[{"href":"https:\/\/provinciadigital.com.ar\/index.php?rest_route=%2Fwp%2Fv2%2Fmedia&parent=5261"}],"wp:term":[{"taxonomy":"category","embeddable":true,"href":"https:\/\/provinciadigital.com.ar\/index.php?rest_route=%2Fwp%2Fv2%2Fcategories&post=5261"},{"taxonomy":"post_tag","embeddable":true,"href":"https:\/\/provinciadigital.com.ar\/index.php?rest_route=%2Fwp%2Fv2%2Ftags&post=5261"}],"curies":[{"name":"wp","href":"https:\/\/api.w.org\/{rel}","templated":true}]}}